{"id":19717,"date":"2018-09-16T12:50:42","date_gmt":"2018-09-16T10:50:42","guid":{"rendered":"http:\/\/libcickekrizovatky.cz\/?p=19717"},"modified":"2018-10-22T07:02:48","modified_gmt":"2018-10-22T05:02:48","slug":"prvni-pulkulatiny-libcicke-haslerky","status":"publish","type":"post","link":"https:\/\/libcickekrizovatky.cz\/?p=19717","title":{"rendered":"Prvn\u00ed p\u016flkulatiny Lib\u010dick\u00e9 Ha\u0161lerky"},"content":{"rendered":"<div style=\"float: right; margin: 10px;\"><img loading=\"lazy\" class=\"aligncenter wp-image-19732\" src=\"https:\/\/libcickekrizovatky.cz\/content\/uploads\/2018\/09\/Haslerka-18-banner-1.jpg\" alt=\"5. Lib\u010dick\u00e1 Ha\u0161lerka, z\u00e1\u0159\u00ed 2018\" width=\"160\" height=\"140\" srcset=\"https:\/\/libcickekrizovatky.cz\/content\/uploads\/2018\/09\/Haslerka-18-banner-1.jpg 640w, https:\/\/libcickekrizovatky.cz\/content\/uploads\/2018\/09\/Haslerka-18-banner-1-300x263.jpg 300w\" sizes=\"(max-width: 160px) 100vw, 160px\" \/><\/div>\n<p>Ka\u017ed\u00e9 \u010dty\u0159i roky si politici kandiduj\u00edc\u00ed ve m\u011bstech a&nbsp;vesnic\u00edch cel\u00e9 republiky vzpomenou na sv\u00e9 ob\u010dany a&nbsp;podzim provon\u00ed v\u016fn\u011b p\u0159edvolebn\u00edch gul\u00e1\u0161\u016f, sousedsk\u00fdch ve\u010de\u0159\u00ed, ba i&nbsp;hlasy velik\u00e1n\u016f hudebn\u00ed sc\u00e9ny ovzdu\u0161\u00edm bab\u00edho l\u00e9ta n\u011bkdy zazn\u00ed. Tak trochu p\u0159edvolebn\u00ed charakter t\u00edm letos dost\u00e1v\u00e1 i&nbsp;festival Lib\u010dick\u00e1\u00a0Ha\u0161lerka, kter\u00e1 ji\u017e p\u00e1t\u00fdm rokem v\u00a0tomto \u010dase pravideln\u011b p\u0159ipom\u00edn\u00e1 osobnost p\u00edsni\u010dk\u00e1\u0159e Karla Ha\u0161lera. <!--more--><\/p>\n<p>Ten, jak jist\u011b v\u00edte, v\u00a0Lib\u010dic\u00edch vlastnil vilu v&nbsp;ulici, kter\u00e1 je dnes pr\u00e1v\u011b po&nbsp;n\u011bm pojmenov\u00e1na. Akce se za t\u011bch p\u011bt let usadila v\u00a0are\u00e1lu Sokola, jemu\u017e t\u00edmto velice d\u011bkujeme! <strong>23.&nbsp;z\u00e1\u0159\u00ed ve 14:00<\/strong> tam letos op\u011bt mohou zam\u00ed\u0159it v\u0161ichni milovn\u00edci \u010dasem prov\u011b\u0159en\u00e9 muziky, kterou p\u0159eci jen nem\u00e1me u&nbsp;n\u00e1s jindy a&nbsp;jinde tak \u010dasto \u0161anci na\u017eivo sly\u0161et.<\/p>\n<h3>Na koho se m\u016f\u017eeme t\u011b\u0161it&#8230;<\/h3>\n<div style=\"float: left; margin: 10px;\">\n<div id=\"attachment_7129\" style=\"width: 310px\" class=\"wp-caption alignleft\"><img aria-describedby=\"caption-attachment-7129\" loading=\"lazy\" class=\"size-medium wp-image-7129\" src=\"https:\/\/libcickekrizovatky.cz\/content\/uploads\/2015\/09\/hbart03-300x200.jpg\" alt=\"&quot;N\u00e1mo\u0159nick\u00e1&quot; p\u00edse\u0148 T\u0159ehusku\" width=\"300\" height=\"200\" srcset=\"https:\/\/libcickekrizovatky.cz\/content\/uploads\/2015\/09\/hbart03-300x200.jpg 300w, https:\/\/libcickekrizovatky.cz\/content\/uploads\/2015\/09\/hbart03.jpg 880w\" sizes=\"(max-width: 300px) 100vw, 300px\" \/><p id=\"caption-attachment-7129\" class=\"wp-caption-text\">Vod\u00e1ck\u00e1 p\u00edse\u0148 T\u0159ehusku<\/p><\/div>\n<\/div>\n<p>Letos vedle ji\u017e tradi\u010dn\u00edho hosta, staropra\u017esk\u00e9 kapely <strong><a href=\"http:\/\/www.smrnc.eu\/\"><span style=\"text-decoration: underline;\">\u0160mrnc<\/span><\/a>,<\/strong> p\u0159ijede s\u00f3listka Orchestru Karla Vlacha <strong>Magdal\u00e9na Urbanov\u00e1 &amp; Duna Band,<\/strong> poberounsk\u00e1 hudebn\u00ed skupina <a href=\"https:\/\/www.youtube.com\/watch?v=1JDji4oyIEY\"><strong>T\u0159ehusk<\/strong><\/a>, hraj\u00edc\u00ed staropra\u017esk\u00e9 a&nbsp;lidov\u00e9 p\u00edsni\u010dky, a&nbsp;zn\u00e1m\u00fd muzik\u00e1lov\u00fd zp\u011bv\u00e1k <strong>Bohu\u0161 Matu\u0161<\/strong>. Zazp\u00edv\u00e1 i&nbsp;lib\u010dick\u00e1 <span style=\"text-decoration: underline;\"><a href=\"http:\/\/www.scandula.cz\"><strong>Scandula<\/strong> <\/a><\/span>a jako pr\u016fvodci programem se p\u0159edstav\u00ed ochotn\u00edci z\u00a0lib\u010dick\u00e9ho divadla <a href=\"https:\/\/divadlolod.cz\/\"><strong>LO\u010e<\/strong><\/a>.<\/p>\n<h3>&#8230;a&nbsp;kdo to m\u00e1 cel\u00e9 na sv\u011bdom\u00ed<\/h3>\n<p>Program jako ka\u017ed\u00fd rok sestavil a&nbsp;hosty pozval <strong>Lubo\u0161 Harazin<\/strong>, na zaji\u0161t\u011bn\u00ed financov\u00e1n\u00ed cel\u00e9 akce pak odvedly lv\u00ed kus pr\u00e1ce <strong>Petra Pele\u0161kov\u00e1, Jana M\u00e1rov\u00e1<\/strong> a&nbsp;<strong>Ilona Pt\u00e1\u010dkov\u00e1<\/strong> z\u00a0na\u0161eho ob\u010dansk\u00e9ho spolku LOS. Akci tak podpo\u0159ili <a href=\"http:\/\/www.ujv.cz\"><span style=\"text-decoration: underline;\">\u00daJV \u0158e\u017e, a. s.<\/span><\/a>, <a href=\"http:\/\/www.beedol.cz\"><span style=\"text-decoration: underline;\">V\u00fdzkumn\u00fd \u00fastav v\u010dela\u0159sk\u00fd \u00fastav v\u00a0Dole<\/span><\/a>, lib\u010dick\u00e1 n\u00e1bytk\u00e1\u0159sk\u00e1 firma <span style=\"text-decoration: underline;\"><a href=\"https:\/\/www.devoto.cz\/\">Devoto<\/a><\/span>, soukrom\u00fd zem\u011bd\u011blec <a href=\"http:\/\/www.rousovafarma.cz\/\"><span style=\"text-decoration: underline;\">Josef Rous<\/span> <\/a>a fond hejtmana <a href=\"https:\/\/www.kr-stredocesky.cz\/\"><span style=\"text-decoration: underline;\">St\u0159edo\u010desk\u00e9ho kraje<\/span><\/a>. Rovn\u011b\u017e v\u0161em t\u011bmto sponzor\u016fm srde\u010dn\u011b d\u011bkujeme &#8211; bez v\u00e1s by nebylo mo\u017en\u00e9 Ha\u0161lerku uspo\u0159\u00e1dat.<\/p>\n<p>Snad tedy vyjde po\u010das\u00ed, a&nbsp;p\u0159edposledn\u00ed z\u00e1\u0159ijovou ned\u011bli ve dv\u011b na shledanou. Vstup je jako v\u017edy dobrovoln\u00fd, posta\u010d\u00ed tedy si p\u0159ibalit trochu dobr\u00e9 n\u00e1lady a&nbsp;vyrazit na 5. Lib\u010dickou Ha\u0161lerku za muzikou.  <\/p>\n","protected":false},"excerpt":{"rendered":"<p>Ka\u017ed\u00e9 \u010dty\u0159i roky si politici kandiduj\u00edc\u00ed ve m\u011bstech a&nbsp;vesnic\u00edch cel\u00e9 republiky vzpomenou na sv\u00e9 ob\u010dany a&nbsp;podzim provon\u00ed v\u016fn\u011b p\u0159edvolebn\u00edch gul\u00e1\u0161\u016f, sousedsk\u00fdch ve\u010de\u0159\u00ed, ba i&nbsp;hlasy velik\u00e1n\u016f hudebn\u00ed sc\u00e9ny ovzdu\u0161\u00edm bab\u00edho l\u00e9ta n\u011bkdy zazn\u00ed. Tak trochu p\u0159edvolebn\u00ed charakter t\u00edm letos dost\u00e1v\u00e1 i&nbsp;festival Lib\u010dick\u00e1\u00a0Ha\u0161lerka, kter\u00e1 ji\u017e p\u00e1t\u00fdm rokem v\u00a0tomto \u010dase pravideln\u011b p\u0159ipom\u00edn\u00e1 osobnost p\u00edsni\u010dk\u00e1\u0159e Karla Ha\u0161lera.<\/p>\n","protected":false},"author":9,"featured_media":0,"comment_status":"open","ping_status":"open","sticky":false,"template":"","format":"standard","meta":[],"categories":[1],"tags":[788,100],"_links":{"self":[{"href":"https:\/\/libcickekrizovatky.cz\/index.php?rest_route=\/wp\/v2\/posts\/19717"}],"collection":[{"href":"https:\/\/libcickekrizovatky.cz\/index.php?rest_route=\/wp\/v2\/posts"}],"about":[{"href":"https:\/\/libcickekrizovatky.cz\/index.php?rest_route=\/wp\/v2\/types\/post"}],"author":[{"embeddable":true,"href":"https:\/\/libcickekrizovatky.cz\/index.php?rest_route=\/wp\/v2\/users\/9"}],"replies":[{"embeddable":true,"href":"https:\/\/libcickekrizovatky.cz\/index.php?rest_route=%2Fwp%2Fv2%2Fcomments&post=19717"}],"version-history":[{"count":17,"href":"https:\/\/libcickekrizovatky.cz\/index.php?rest_route=\/wp\/v2\/posts\/19717\/revisions"}],"predecessor-version":[{"id":19720,"href":"https:\/\/libcickekrizovatky.cz\/index.php?rest_route=\/wp\/v2\/posts\/19717\/revisions\/19720"}],"wp:attachment":[{"href":"https:\/\/libcickekrizovatky.cz\/index.php?rest_route=%2Fwp%2Fv2%2Fmedia&parent=19717"}],"wp:term":[{"taxonomy":"category","embeddable":true,"href":"https:\/\/libcickekrizovatky.cz\/index.php?rest_route=%2Fwp%2Fv2%2Fcategories&post=19717"},{"taxonomy":"post_tag","embeddable":true,"href":"https:\/\/libcickekrizovatky.cz\/index.php?rest_route=%2Fwp%2Fv2%2Ftags&post=19717"}],"curies":[{"name":"wp","href":"https:\/\/api.w.org\/{rel}","templated":true}]}}