{"id":19854,"date":"2018-09-27T01:36:24","date_gmt":"2018-09-26T23:36:24","guid":{"rendered":"http:\/\/libcickekrizovatky.cz\/?p=19854"},"modified":"2018-09-28T08:51:19","modified_gmt":"2018-09-28T06:51:19","slug":"libcicke-komunalni-volby-nekolik-cisel","status":"publish","type":"post","link":"https:\/\/libcickekrizovatky.cz\/?p=19854","title":{"rendered":"Lib\u010dick\u00e9 komun\u00e1ln\u00ed volby: n\u011bkolik \u010d\u00edsel"},"content":{"rendered":"<div style=\"float: left; margin: 10px;\"><img loading=\"lazy\" class=\"alignleft wp-image-14838\" src=\"https:\/\/libcickekrizovatky.cz\/content\/uploads\/2017\/04\/16zas.jpg\" alt=\"16. zastupitelstvo\" width=\"225\" height=\"150\" srcset=\"https:\/\/libcickekrizovatky.cz\/content\/uploads\/2017\/04\/16zas.jpg 450w, https:\/\/libcickekrizovatky.cz\/content\/uploads\/2017\/04\/16zas-300x200.jpg 300w\" sizes=\"(max-width: 225px) 100vw, 225px\" \/><\/div>\n<h3>Lib\u010dick\u00e9 zastupitelstvo<\/h3>\n<p>Sou\u010dasn\u00e9 zastupitelstvo na\u0161\u00ed obce je od roku 1990 ji\u017e sedm\u00fdm demokraticky zvolen\u00fdm v&nbsp;\u0159ad\u011b. V&nbsp;prvn\u00edm porevolu\u010dn\u00edm obdob\u00ed m\u011blo 27\u00a0\u010dlen\u016f, od roku 1994 se po\u010det ust\u00e1lil na\u00a015. Za tuto dobu se v&nbsp;n\u011bm vyst\u0159\u00eddaly des\u00edtky osob za mnoho politick\u00fdch uskupen\u00ed; v&nbsp;devades\u00e1t\u00fdch letech p\u0159eva\u017eovaly kandid\u00e1tky politick\u00fdch stran (ODS, KS\u010cM), od voleb v&nbsp;roce 2006 je patrn\u00fd rostouc\u00ed v\u00fdznam ob\u010dansk\u00e9 spole\u010dnosti na \u00fakor politick\u00e9 stranickosti &#8211; voleni jsou v\u011bt\u0161inou nez\u00e1visl\u00ed kandid\u00e1ti.<\/p>\n<p><em>Pozn\u00e1mka korektora: ostatn\u011b koho byste cht\u011bli volit &#8211; j\u00edt v&nbsp;Lib\u010dic\u00edch do voleb bez \u0161t\u00edtu &#8220;nez\u00e1visl\u00fdch kandid\u00e1t\u016f&#8221; si nikdo nedovol\u00ed. A&nbsp;tak u&nbsp;n\u00e1s kandiduj\u00ed\u00a0dv\u011b &#8220;sdru\u017een\u00ed nez\u00e1visl\u00fdch kandid\u00e1t\u016f&#8221; spojen\u00fdch s&nbsp;celost\u00e1tn\u00ed stranou a&nbsp;k&nbsp;tomu\u00a0dva m\u00edstn\u00ed spolky LOS a&nbsp;Lib\u011bhrad&#8230; <\/em><\/p>\n<p>Na rozd\u00edl od jin\u00fdch obc\u00ed v&nbsp;okol\u00ed Prahy v&nbsp;Lib\u010dic\u00edch nen\u00ed p\u0159\u00edli\u0161 patrn\u00fd konflikt mezi starousedl\u00edky a&nbsp;nov\u00fdmi obyvateli. Je to mo\u017en\u00e1 d\u00e1no i&nbsp;t\u00edm, \u017ee v\u00fdznamn\u00e1 &#8220;n\u00e1plava&#8221; do m\u011bsta p\u0159ibyla\u00a0v dob\u011b pr\u016fmyslov\u00e9ho rozvoje, zat\u00edmco v&nbsp;obdob\u00ed posledn\u00edch dvou desetilet\u00ed se p\u0159ist\u011bhovalo relativn\u011b m\u00e1lo lid\u00ed, tak\u017ee si m\u011bsto zachovalo venkovsk\u00fd charakter, by\u0165 tu m\u00e1me s\u00eddli\u0161t\u011b a&nbsp;\u0159adu bytovek. Vid\u011bt je sp\u00ed\u0161e\u00a0konflikt mezi zast\u00e1nci ob\u010dansk\u00fdch princip\u016f a&nbsp;z\u00e1jmy ekonomick\u00fdch elit.<!--more--><\/p>\n<h3>Leto\u0161n\u00ed volby: v\u011bk, vzd\u011bl\u00e1n\u00ed, zastoupen\u00ed \u017een<\/h3>\n<p>Jeden\u00e1ct z&nbsp;patn\u00e1cti sou\u010dasn\u00fdch zastupitel\u016f obhajuje sv\u016fj mand\u00e1t\u00a0i v&nbsp;leto\u0161n\u00edch volb\u00e1ch celkem ve \u010dty\u0159ech volebn\u00edch uskupen\u00edch. Kdo by si cht\u011bl kandid\u00e1tky statisticky porovnat, zaj\u00edmav\u00fd pohled nab\u00edz\u00ed\u00a0obc\u00edm <span style=\"text-decoration: underline;\"><a href=\"https:\/\/www.irozhlas.cz\/volby\/komunalni-volby-2018\/libcice-nad-vltavou-539414\">web \u010cesk\u00e9ho rozhlasu<\/a><\/span>, kde je mo\u017en\u00e9 vid\u011bt pr\u016fm\u011brn\u00fd v\u011bk kandid\u00e1t\u016f jednotliv\u00fdch stran, \u00farove\u0148 dosa\u017een\u00e9ho vzd\u011bl\u00e1n\u00ed a&nbsp;po\u010det \u017een na kandid\u00e1tce.<\/p>\n<p>Jsme p\u0159esv\u011bd\u010deni, \u017ee <span style=\"text-decoration: underline;\"><a href=\"https:\/\/libcickekrizovatky.cz\/?page_id=19444\">kandid\u00e1tka LOSu<\/a><\/span> ve srovn\u00e1n\u00ed s&nbsp;ostatn\u00edmi\u00a0obstoj\u00ed. V\u011bkov\u011b kop\u00edrujeme celost\u00e1tn\u00ed pr\u016fm\u011br (to znamen\u00e1, \u017ee jsme v&nbsp;nejlep\u0161\u00edm v\u011bku!), 10 z&nbsp;na\u0161ich kandid\u00e1t\u016f m\u00e1 vysoko\u0161kolsk\u00e9 vzd\u011bl\u00e1n\u00ed. To jist\u011b nen\u00ed na \u0161kodu vzhledem ke skute\u010dnosti, \u017ee plnohodnotn\u00e1 p\u0159\u00edprava na jedn\u00e1n\u00ed\u00a0spo\u010d\u00edv\u00e1 v&nbsp;nutnosti si nastudovat mnoho pom\u011brn\u011b slo\u017eit\u00fdch materi\u00e1l\u016f. Na kandid\u00e1tce m\u00e1me 40&nbsp;% \u017een a&nbsp;tak\u00e9 na\u0161\u00ed jedni\u010dkou je\u00a0<a href=\"https:\/\/libcickekrizovatky.cz\/?p=19480\">\u017eena<\/a>. V\u011b\u0159\u00edme, \u017ee by pr\u00e1ci starostky zvl\u00e1dala dob\u0159e, podobn\u011b jako n\u011bkolik starostek v&nbsp;obc\u00edch v&nbsp;na\u0161em bezprost\u0159edn\u00edm okol\u00ed.<br \/>\n(<a href=\"https:\/\/www.husinec-rez.cz\/\"><span style=\"text-decoration: underline;\">\u0158e\u017e<\/span> <\/a>&#8211;\u00a0Jana M\u00fcnzbergerov\u00e1, <span style=\"text-decoration: underline;\"><a href=\"http:\/\/www.obec-uholicky.cz\">\u00daholi\u010dky <\/a><\/span>&#8211; Terezie Ko\u0159\u00ednkov\u00e1, <span style=\"text-decoration: underline;\"><a href=\"http:\/\/www.velke-prilepy.cz\/\">Velk\u00e9 P\u0159\u00edlepy<\/a><\/span> &#8211; V\u011bra \u010cerm\u00e1kov\u00e1, <span style=\"text-decoration: underline;\"><a href=\"http:\/\/www.maslovice.cz\/\">M\u00e1slovice <\/a><\/span>&#8211; Vladim\u00edra S\u00fdkorov\u00e1)<\/p>\n<h3 style=\"text-align: left;\">\u00da\u010dast ve volb\u00e1ch je sp\u00ed\u0161e n\u00edzk\u00e1<\/h3>\n<div style=\"float: right align=left;\"><img loading=\"lazy\" class=\"alignleft wp-image-19876 size-large\" src=\"https:\/\/libcickekrizovatky.cz\/content\/uploads\/2018\/09\/Volebn\u00ed-statistika_Lib\u010dice-e1537947015127-1024x724.jpg\" width=\"512\" height=\"362\" srcset=\"https:\/\/libcickekrizovatky.cz\/content\/uploads\/2018\/09\/Volebn\u00ed-statistika_Lib\u010dice-e1537947015127-1024x724.jpg 1024w, https:\/\/libcickekrizovatky.cz\/content\/uploads\/2018\/09\/Volebn\u00ed-statistika_Lib\u010dice-e1537947015127-300x212.jpg 300w, https:\/\/libcickekrizovatky.cz\/content\/uploads\/2018\/09\/Volebn\u00ed-statistika_Lib\u010dice-e1537947015127-768x543.jpg 768w\" sizes=\"(max-width: 512px) 100vw, 512px\" \/><\/div>\n<p>Na prvn\u00ed pohled\u00a0by se mohlo zd\u00e1t, \u017ee zastupitelstva obc\u00ed je &#8220;vl\u00e1da&#8221; ob\u010dan\u016fm nejbli\u017e\u0161\u00ed, \u0159e\u0161\u00ed p\u0159ece konkr\u00e9tn\u00ed m\u00edstn\u00ed probl\u00e9my, m\u00e1 na starosti obecn\u00ed pen\u00edze. O&nbsp;m\u00edsta v&nbsp;m\u00edstn\u00ed samospr\u00e1v\u011b se uch\u00e1zej\u00ed lid\u00e9, kter\u00e9 m\u016f\u017eeme potkat na ulici a&nbsp;m\u011blo by b\u00fdt pom\u011brn\u011b snadn\u00e9 se rozhodnout, zda k&nbsp;nim m\u00e1te d\u016fv\u011bru. \u00da\u010dast ve volb\u00e1ch do m\u00edstn\u00edch samospr\u00e1v je v\u0161ak ni\u017e\u0161\u00ed ne\u017e ve volb\u00e1ch parlamentn\u00edch nebo prezidentsk\u00fdch, jejich\u017e kandid\u00e1ty zn\u00e1me pov\u011bt\u0161inou jen z&nbsp;m\u00e9di\u00ed. Nejvy\u0161\u0161\u00ed \u00fa\u010dast v&nbsp;komun\u00e1ln\u00edch volb\u00e1ch byla v&nbsp;porevolu\u010dn\u00edch devades\u00e1t\u00fdch letech, od roku 1998 se pak dr\u017e\u00ed na celost\u00e1tn\u00edm pr\u016fm\u011bru kolem 46&nbsp;%. M\u016f\u017ee n\u00e1s pot\u011b\u0161it, \u017ee ob\u010dany Lib\u010dic spr\u00e1va v\u011bc\u00ed ve\u0159ejn\u00fdch zaj\u00edm\u00e1 nadpr\u016fm\u011brn\u011b, k&nbsp;volb\u00e1m jich chod\u00ed v\u00a0posledn\u00edch 12 letech v\u00edce ne\u017e polovina.<\/p>\n<h3>Volit mohou i&nbsp;cizinci<\/h3>\n<p>Letos je v&nbsp;na\u0161\u00ed obci p\u0159ibli\u017en\u011b 2600 opr\u00e1vn\u011bn\u00fdch voli\u010d\u016f &#8211; tedy ob\u010dan\u016f s&nbsp;trval\u00fdm pobytem.\u00a0Specifikem komun\u00e1ln\u00edch voleb je, \u017ee k&nbsp;nim mohou p\u0159ij\u00edt i&nbsp;cizinci &#8211; ob\u010dan\u00e9 EU, kte\u0159\u00ed dolo\u017e\u00ed sv\u016fj p\u0159echodn\u00fd pobyt a&nbsp;do 3.&nbsp;\u0159\u00edjna po\u017e\u00e1daj\u00ed na obecn\u00edm \u00fa\u0159ad\u011b o&nbsp;z\u00e1pis do dodatku st\u00e1l\u00e9ho seznamu voli\u010d\u016f.<\/p>\n<p>Volit lze jen v&nbsp;ur\u010den\u00e9 volebn\u00ed m\u00edstnosti &#8211; nen\u00ed mo\u017en\u00e9 vyu\u017e\u00edt tzv.&nbsp;volebn\u00ed pr\u016fkaz. Pokud tedy chcete spolurozhodovat o&nbsp;va\u0161ich z\u00e1stupc\u00edch, z\u016fsta\u0148te prvn\u00ed \u0159\u00edjnov\u00fd v\u00edkend doma a&nbsp;p\u0159ij\u010fte volit. Jedinou v\u00fdjimkou, kdy nemus\u00edte &#8220;p\u0159ij\u00edt&#8221;,\u00a0 je zdravotn\u00ed indispozice &#8211; pokud o&nbsp;to p\u0159edem po\u017e\u00e1d\u00e1te, \u010dlenov\u00e9 okrskov\u00e9 volebn\u00ed komise v\u00e1s nav\u0161t\u00edv\u00ed v&nbsp;m\u00edst\u011b bydli\u0161t\u011b s&nbsp;p\u0159enosnou volebn\u00ed schr\u00e1nkou.<\/p>\n<p>Informace k&nbsp;lib\u010dick\u00fdm komun\u00e1ln\u00edm volb\u00e1m<span style=\"text-decoration: underline;\"><a href=\"https:\/\/www.irozhlas.cz\/volby\/komunalni-volby-2018\/libcice-nad-vltavou-539414\"> na str\u00e1nk\u00e1ch \u010cesk\u00e9ho rozhlasu<\/a><\/span>:<\/p>\n<p><a href=\"https:\/\/www.irozhlas.cz\/volby\/komunalni-volby-2018\/libcice-nad-vltavou-539414\"><img class=\"aligncenter wp-image-19888 size-full\" src=\"https:\/\/libcickekrizovatky.cz\/content\/uploads\/2018\/09\/cro-web.jpg\" width=\"100%\" srcset=\"https:\/\/libcickekrizovatky.cz\/content\/uploads\/2018\/09\/cro-web.jpg 1202w, https:\/\/libcickekrizovatky.cz\/content\/uploads\/2018\/09\/cro-web-300x189.jpg 300w, https:\/\/libcickekrizovatky.cz\/content\/uploads\/2018\/09\/cro-web-768x484.jpg 768w, https:\/\/libcickekrizovatky.cz\/content\/uploads\/2018\/09\/cro-web-1024x646.jpg 1024w\" sizes=\"(max-width: 1202px) 100vw, 1202px\" \/><\/a>  <\/p>\n","protected":false},"excerpt":{"rendered":"<p>Lib\u010dick\u00e9 zastupitelstvo Sou\u010dasn\u00e9 zastupitelstvo na\u0161\u00ed obce je od roku 1990 ji\u017e sedm\u00fdm demokraticky zvolen\u00fdm v&nbsp;\u0159ad\u011b. V&nbsp;prvn\u00edm porevolu\u010dn\u00edm obdob\u00ed m\u011blo 27\u00a0\u010dlen\u016f, od roku 1994 se po\u010det ust\u00e1lil na\u00a015. Za tuto dobu se v&nbsp;n\u011bm vyst\u0159\u00eddaly des\u00edtky osob za mnoho politick\u00fdch uskupen\u00ed; v&nbsp;devades\u00e1t\u00fdch letech p\u0159eva\u017eovaly kandid\u00e1tky politick\u00fdch stran (ODS, KS\u010cM), od voleb v&nbsp;roce 2006 je patrn\u00fd rostouc\u00ed v\u00fdznam [&hellip;]<\/p>\n","protected":false},"author":10,"featured_media":0,"comment_status":"open","ping_status":"open","sticky":false,"template":"","format":"standard","meta":[],"categories":[4],"tags":[960,6,57,949],"_links":{"self":[{"href":"https:\/\/libcickekrizovatky.cz\/index.php?rest_route=\/wp\/v2\/posts\/19854"}],"collection":[{"href":"https:\/\/libcickekrizovatky.cz\/index.php?rest_route=\/wp\/v2\/posts"}],"about":[{"href":"https:\/\/libcickekrizovatky.cz\/index.php?rest_route=\/wp\/v2\/types\/post"}],"author":[{"embeddable":true,"href":"https:\/\/libcickekrizovatky.cz\/index.php?rest_route=\/wp\/v2\/users\/10"}],"replies":[{"embeddable":true,"href":"https:\/\/libcickekrizovatky.cz\/index.php?rest_route=%2Fwp%2Fv2%2Fcomments&post=19854"}],"version-history":[{"count":37,"href":"https:\/\/libcickekrizovatky.cz\/index.php?rest_route=\/wp\/v2\/posts\/19854\/revisions"}],"predecessor-version":[{"id":19911,"href":"https:\/\/libcickekrizovatky.cz\/index.php?rest_route=\/wp\/v2\/posts\/19854\/revisions\/19911"}],"wp:attachment":[{"href":"https:\/\/libcickekrizovatky.cz\/index.php?rest_route=%2Fwp%2Fv2%2Fmedia&parent=19854"}],"wp:term":[{"taxonomy":"category","embeddable":true,"href":"https:\/\/libcickekrizovatky.cz\/index.php?rest_route=%2Fwp%2Fv2%2Fcategories&post=19854"},{"taxonomy":"post_tag","embeddable":true,"href":"https:\/\/libcickekrizovatky.cz\/index.php?rest_route=%2Fwp%2Fv2%2Ftags&post=19854"}],"curies":[{"name":"wp","href":"https:\/\/api.w.org\/{rel}","templated":true}]}}