{"id":19995,"date":"2018-10-04T13:16:51","date_gmt":"2018-10-04T11:16:51","guid":{"rendered":"http:\/\/libcickekrizovatky.cz\/?p=19995"},"modified":"2018-10-07T12:26:34","modified_gmt":"2018-10-07T10:26:34","slug":"drzme-spolu","status":"publish","type":"post","link":"https:\/\/libcickekrizovatky.cz\/?p=19995","title":{"rendered":"Dr\u017eme v\u0161ichni spolu!"},"content":{"rendered":"<div style=\"float: left; margin: 10px;\"><a href=\"https:\/\/libcickekrizovatky.cz\/content\/uploads\/2018\/10\/PP.jpg\"><img loading=\"lazy\" class=\"alignleft wp-image-19996\" src=\"https:\/\/libcickekrizovatky.cz\/content\/uploads\/2018\/10\/PP.jpg\" width=\"200\" height=\"200\" srcset=\"https:\/\/libcickekrizovatky.cz\/content\/uploads\/2018\/10\/PP.jpg 600w, https:\/\/libcickekrizovatky.cz\/content\/uploads\/2018\/10\/PP-250x250.jpg 250w, https:\/\/libcickekrizovatky.cz\/content\/uploads\/2018\/10\/PP-300x300.jpg 300w\" sizes=\"(max-width: 200px) 100vw, 200px\" \/><\/a><\/div>\n<h3>V\u00e1\u017een\u00ed spoluob\u010dan\u00e9, mil\u00ed soused\u00e9, p\u0159\u00e1tel\u00e9, kamar\u00e1di,<\/h3>\n<p>ve dnech 5.&nbsp;a&nbsp;6.&nbsp;\u0159\u00edjna budete m\u00edt op\u011bt p\u0159\u00edle\u017eitost zvolit sv\u00e9 z\u00e1stupce do lib\u010dick\u00e9ho zastupitelstva a&nbsp;t\u00edm na dal\u0161\u00ed \u010dty\u0159i roky ovlivnit v\u00fdvoj Lib\u010dic. Nen\u00ed mi lhostejn\u00e9 prost\u0159ed\u00ed, v&nbsp;n\u011bm\u017e \u017eijeme. M\u00e1m Lib\u010dice r\u00e1da.<\/p>\n<p>Jsem p\u0159esv\u011bd\u010dena, \u017ee Lib\u010dice b\u011bhem sv\u00e9ho budouc\u00edho rozvoje pot\u0159ebuj\u00ed udr\u017eet poklidnou sousedskou atmosf\u00e9ru. P\u0159\u00e1la bych si, aby spolu m\u00edstn\u00ed obyvatel\u00e9 z\u016fst\u00e1vali v&nbsp;kontaktu, mluvili spolu a&nbsp;v\u011bd\u011bli o&nbsp;sob\u011b, aby i&nbsp;nov\u011b p\u0159\u00edchoz\u00ed obyvatel\u00e9 brzy na\u0161li mezi m\u00edstn\u00edmi sv\u00e9 p\u0159\u00e1tele. Chceme zdej\u0161\u00ed obyvatele spojovat. Nab\u00edz\u00edm k&nbsp;tomu sv\u00e9 zku\u0161enosti a&nbsp;chci maxim\u00e1ln\u011b vyu\u017e\u00edvat znalost\u00ed a&nbsp;dovednost\u00ed m\u00edstn\u00edch lid\u00ed pro dal\u0161\u00ed zkvalitn\u011bn\u00ed \u017eivota a&nbsp;atmosf\u00e9ry ve m\u011bst\u011b. <!--more-->Budu se v\u00e1s pt\u00e1t, co v\u00e1s ve m\u011bst\u011b tr\u00e1p\u00ed, i&nbsp;co zde m\u00e1te r\u00e1di. Jednodu\u0161e chci pozitivn\u011b ovliv\u0148ovat mezilidsk\u00e9 vztahy a&nbsp;\u017eivot v&nbsp;Lib\u010dic\u00edch a&nbsp;o&nbsp;to budu spole\u010dn\u011b s&nbsp;ostatn\u00edmi \u010dleny spolku usilovat i&nbsp;v&nbsp;nov\u00e9m zastupitelstvu. Lib\u010dice nejsou tak velk\u00e9 m\u011bsto, aby za ka\u017edou cenu musely b\u00fdt rozd\u011blen\u00e9 role na veden\u00ed m\u011bsta a&nbsp;opozici. Ostatn\u011b motto na\u0161eho spolku \u201cSpolu doma v&nbsp;Lib\u010dic\u00edch\u201d p\u0159esn\u011b vystihuje, jak se chci v&nbsp;Lib\u010dic\u00edch c\u00edtit a&nbsp;p\u0159\u00e1la bych si, abyste se tak c\u00edtili spolu se mnou.<\/p>\n<p>Kandid\u00e1ti za Lib\u010dick\u00fd ob\u010dansk\u00fd spolek LOS se znovu uch\u00e1zej\u00ed o&nbsp;va\u0161i podporu, proto\u017ee v\u0161ichni v\u011b\u0159\u00ed, \u017ee pr\u00e1ce, kter\u00e1 je za uplynul\u00e9 roky za cel\u00fdm spolkem vid\u011bt, dokl\u00e1d\u00e1 dlouhodobou snahu na\u0161eho spolku o&nbsp;zlep\u0161ov\u00e1n\u00ed kvality \u017eivota v&nbsp;na\u0161em m\u011bst\u011b. Chceme v&nbsp;t\u00e9to \u010dinnosti pokra\u010dovat a&nbsp;v&nbsp;je\u0161t\u011b v\u011bt\u0161\u00ed m\u00ed\u0159e p\u0159isp\u011bt k&nbsp;prom\u011bn\u011b Lib\u010dic v&nbsp;klidn\u00e9 modern\u00ed m\u011bste\u010dko s&nbsp;kvalitn\u00edm z\u00e1zem\u00edm, v&nbsp;n\u011bm\u017e m\u00e1 radnice pochopen\u00ed pro v\u0161echny obyvatele. P\u0159eji si, aby i&nbsp;na\u0161e d\u011bti vn\u00edmaly Lib\u010dice jako m\u00edsto, kde cht\u011bj\u00ed \u017e\u00edt v&nbsp;dosp\u011blosti.<\/p>\n<p>Bu\u010fte tu s&nbsp;n\u00e1mi, p\u0159ij\u010fte k&nbsp;volb\u00e1m, dejte n\u00e1m sv\u016fj hlas.<\/p>\n<p style=\"text-align: right;\">Ing. Petra Pele\u0161kov\u00e1<br \/>\n\u010d.&nbsp;1 na kandid\u00e1tce<br \/>\nLib\u010dick\u00e9ho ob\u010dansk\u00e9ho spolku LOS<\/p>\n","protected":false},"excerpt":{"rendered":"<p>V\u00e1\u017een\u00ed spoluob\u010dan\u00e9, mil\u00ed soused\u00e9, p\u0159\u00e1tel\u00e9, kamar\u00e1di, ve dnech 5.&nbsp;a&nbsp;6.&nbsp;\u0159\u00edjna budete m\u00edt op\u011bt p\u0159\u00edle\u017eitost zvolit sv\u00e9 z\u00e1stupce do lib\u010dick\u00e9ho zastupitelstva a&nbsp;t\u00edm na dal\u0161\u00ed \u010dty\u0159i roky ovlivnit v\u00fdvoj Lib\u010dic. Nen\u00ed mi lhostejn\u00e9 prost\u0159ed\u00ed, v&nbsp;n\u011bm\u017e \u017eijeme. M\u00e1m Lib\u010dice r\u00e1da. Jsem p\u0159esv\u011bd\u010dena, \u017ee Lib\u010dice b\u011bhem sv\u00e9ho budouc\u00edho rozvoje pot\u0159ebuj\u00ed udr\u017eet poklidnou sousedskou atmosf\u00e9ru. P\u0159\u00e1la bych si, aby spolu m\u00edstn\u00ed [&hellip;]<\/p>\n","protected":false},"author":3,"featured_media":0,"comment_status":"open","ping_status":"open","sticky":false,"template":"","format":"standard","meta":[],"categories":[4,111,1],"tags":[],"_links":{"self":[{"href":"https:\/\/libcickekrizovatky.cz\/index.php?rest_route=\/wp\/v2\/posts\/19995"}],"collection":[{"href":"https:\/\/libcickekrizovatky.cz\/index.php?rest_route=\/wp\/v2\/posts"}],"about":[{"href":"https:\/\/libcickekrizovatky.cz\/index.php?rest_route=\/wp\/v2\/types\/post"}],"author":[{"embeddable":true,"href":"https:\/\/libcickekrizovatky.cz\/index.php?rest_route=\/wp\/v2\/users\/3"}],"replies":[{"embeddable":true,"href":"https:\/\/libcickekrizovatky.cz\/index.php?rest_route=%2Fwp%2Fv2%2Fcomments&post=19995"}],"version-history":[{"count":8,"href":"https:\/\/libcickekrizovatky.cz\/index.php?rest_route=\/wp\/v2\/posts\/19995\/revisions"}],"predecessor-version":[{"id":20015,"href":"https:\/\/libcickekrizovatky.cz\/index.php?rest_route=\/wp\/v2\/posts\/19995\/revisions\/20015"}],"wp:attachment":[{"href":"https:\/\/libcickekrizovatky.cz\/index.php?rest_route=%2Fwp%2Fv2%2Fmedia&parent=19995"}],"wp:term":[{"taxonomy":"category","embeddable":true,"href":"https:\/\/libcickekrizovatky.cz\/index.php?rest_route=%2Fwp%2Fv2%2Fcategories&post=19995"},{"taxonomy":"post_tag","embeddable":true,"href":"https:\/\/libcickekrizovatky.cz\/index.php?rest_route=%2Fwp%2Fv2%2Ftags&post=19995"}],"curies":[{"name":"wp","href":"https:\/\/api.w.org\/{rel}","templated":true}]}}