{"id":20084,"date":"2018-10-09T08:14:18","date_gmt":"2018-10-09T06:14:18","guid":{"rendered":"http:\/\/libcickekrizovatky.cz\/?p=20084"},"modified":"2018-10-09T08:14:18","modified_gmt":"2018-10-09T06:14:18","slug":"je-po-volbach-hotovo-jeste-neni","status":"publish","type":"post","link":"https:\/\/libcickekrizovatky.cz\/?p=20084","title":{"rendered":"Je po&nbsp;volb\u00e1ch, hotovo je\u0161t\u011b nen\u00ed"},"content":{"rendered":"<p>T\u011b\u017eko v&nbsp;Lib\u010dic\u00edch hledat \u010dlov\u011bka, kter\u00e9mu by se neulevilo, \u017ee u\u017e to letos m\u00e1me za sebou. Skon\u010dila intenzivn\u00ed p\u0159edvolebn\u00ed kampa\u0148, kter\u00e1 na n\u011bkolik dlouh\u00fdch t\u00fddn\u016f zaplavila lib\u010dick\u00fd ve\u0159ejn\u00fd prostor, v\u010detn\u011b toho virtu\u00e1ln\u00edho. Dnes u\u017e voli\u010di a&nbsp;ob\u010dan\u00e9 maj\u00ed &#8220;padla&#8221;. Ale cesta k&nbsp;nov\u00e9mu zastupitelstvu m\u011bsta zav\u0159en\u00edm volebn\u00edch m\u00edstnost\u00ed zdaleka neskon\u010dila. Jak to tedy bude d\u00e1l?<!--more--><\/p>\n<h3>V\u00fdsledky jsou t\u011bsn\u00e9<\/h3>\n<p>Je\u0161t\u011b v&nbsp;sobotu se LOS a&nbsp;na\u0161i p\u0159\u00edznivci a&nbsp;podporovatel\u00e9 se\u0161li v&nbsp;restauraci Na \u017d\u00edn\u011bnce. Spole\u010dn\u011b jsme \u010dekali, zda t\u0159eba hlasy z\u00edskan\u00e9 v&nbsp;posledn\u00edm, v&nbsp;tu chv\u00edli st\u00e1le nese\u010dten\u00e9m ch\u00fdnovsk\u00e9m volebn\u00edm okrsku, nevylep\u0161\u00ed n\u00e1\u0161 beztak historicky nejlep\u0161\u00ed volebn\u00ed v\u00fdsledek. A\u010d se tak nestalo, mus\u00edme na tomto m\u00edst\u011b znovu pod\u011bkovat v\u0161em, kte\u0159\u00ed n\u00e1s volili a&nbsp;podpo\u0159ili. Vn\u00edm\u00e1me s\u00edlu \u0161esti mand\u00e1t\u016f a&nbsp;zodpov\u011bdnost, kter\u00e1 n\u00e1m t\u00edmto byla sv\u011b\u0159ena do rukou. Lib\u010dice si v&nbsp;leto\u0161n\u00edch volb\u00e1ch nevybraly jednoduchou cestu. V\u00fdsledek 7 &#8211; 1 &#8211; 1 &#8211; 6 nemohl b\u00fdt t\u011bsn\u011bj\u0161\u00ed a&nbsp;my pevn\u011b douf\u00e1me, \u017ee i&nbsp;ostatn\u00ed zvolen\u00e9 subjekty si uv\u011bdomuj\u00ed, co v\u0161echno to znamen\u00e1 pro budouc\u00ed prosazov\u00e1n\u00ed c\u00edl\u016f v&nbsp;zastupitelstvu.<\/p>\n<h3>Pop\u0159\u00e1li jsme v\u00edt\u011bzi voleb<\/h3>\n<p>Co se slu\u0161\u00ed, kdy\u017e na c\u00edlov\u00e9 \u010d\u00e1\u0159e, by\u0165 s&nbsp;nejt\u011bsn\u011bj\u0161\u00edm rozd\u00edlem, skon\u010d\u00edte druz\u00ed? Pogratulovat v\u00edt\u011bzi. I&nbsp;my jsme tak u\u010dinili. Chv\u00edli po&nbsp;zve\u0159ejn\u011bn\u00ed v\u00fdsledk\u016f vyrazili na\u0161i z\u00e1stupci, volebn\u00ed l\u00eddr Petra Pele\u0161kov\u00e1 a&nbsp;jeden z&nbsp;prvozvolen\u00fdch Roman \u0160ebl, nav\u0161t\u00edvit hlavn\u00ed stan Lib\u011bhradu rozlo\u017een\u00fd v&nbsp;restauraci Saigon. Pogratulovali jsme protistran\u011b k&nbsp;v\u00edt\u011bzstv\u00ed. V\u0161em, v\u010detn\u011b p\u0159\u00edtomn\u00fdch z\u00e1stupc\u016f TOP09, jsme deklarovali p\u0159ipravenost a&nbsp;ochotu vyjedn\u00e1vat o&nbsp;povolebn\u00edm uspo\u0159\u00e1d\u00e1n\u00ed.<\/p>\n<p>N\u00e1\u0161 prvn\u00ed krok samoz\u0159ejm\u011b protistranu k&nbsp;ni\u010demu nezavazuje. Cht\u011bli jsme pouze vyj\u00e1d\u0159it n\u00e1\u0161 postoj,\u00a0\u017ee vn\u00edm\u00e1me jako spr\u00e1vn\u00e9 p\u0159es v\u0161echny minul\u00e9 i&nbsp;trvaj\u00edc\u00ed rozpory o&nbsp;budouc\u00edm uspo\u0159\u00e1d\u00e1n\u00ed v\u011bc\u00ed m\u011bsta jednat. Pevn\u011b douf\u00e1me, \u017ee na n\u00e1\u0161 prvn\u00ed tah protistrana nav\u00e1\u017ee.<\/p>\n<h3>Do hry vstupuj\u00ed \u010dty\u0159i\u00a0hr\u00e1\u010di<\/h3>\n<p>V\u0161echny subjekty, kter\u00e9 se z\u00fa\u010dastnily leto\u0161n\u00edch komun\u00e1ln\u00edch voleb, z\u00edskaly mand\u00e1ty v&nbsp;zastupitelstvu. I&nbsp;ty, kter\u00e9 z\u00edskaly jen po&nbsp;jednom, bereme v\u00e1\u017en\u011b a&nbsp;jsme s&nbsp;nimi v&nbsp;povolebn\u00edm \u010dase v&nbsp;kontaktu, a\u0165 u\u017e je to ODS, kterou dlouhodob\u011b vn\u00edm\u00e1me jako n\u00e1zorov\u011b velmi bl\u00edzkou, nebo TOP09, kter\u00e1 m\u011bla v&nbsp;minul\u00e9m volebn\u00edm obdob\u00ed bl\u00ed\u017e k&nbsp;Lib\u011bhradu. Jsme p\u0159ipraveni a&nbsp;otev\u0159eni f\u00e9rov\u00e9mu jedn\u00e1n\u00ed se v\u0161emi. V&nbsp;n\u011bkter\u00fdch jedn\u00e1n\u00edch n\u00e1m v\u00edc iniciativy, ne\u017e jsme dosud projevili, nep\u0159\u00edslu\u0161\u00ed.<\/p>\n<h3>M\u00e1me z\u00e1jem na nalezen\u00ed shody<\/h3>\n<p>Ka\u017ed\u00fd, kdo \u010detl volebn\u00ed programy lib\u010dick\u00fdch stran a&nbsp;spolk\u016f, mus\u00ed jasn\u011b vn\u00edmat, \u017ee i&nbsp;p\u0159es rozpory existuje spousta shod a&nbsp;n\u00e1zorov\u00fdch pr\u016fnik\u016f. Stejn\u00e1 t\u00e9mata, kter\u00e1 si \u010dtvermo p\u0159e\u010dteme v&nbsp;jednotliv\u00fdch programech, ostatn\u011b popisuje i&nbsp;p\u0159ipravovan\u00fd strategick\u00fd pl\u00e1n. V\u0161ichni tak\u00e9 zn\u00e1me v\u00fdzvy, kter\u00e9 p\u0159ed Lib\u010dicemi v&nbsp;nejbli\u017e\u0161\u00ed dob\u011b stoj\u00ed.<\/p>\n<p>Nemus\u00edme m\u00edt na v\u0161echno stejn\u00e9 n\u00e1zory a&nbsp;ur\u010dit\u011b se ani v&nbsp;p\u0159\u00ed\u0161t\u00edm volebn\u00edm obdob\u00ed na v\u0161em neshodneme. To je p\u0159irozen\u00e9 a&nbsp;je to tak dob\u0159e, jen ze st\u0159etu r\u016fzn\u00fdch n\u00e1zor\u016f mohou vzej\u00edt ty nejlep\u0161\u00ed n\u00e1pady.\u00a0Pr\u00e1v\u011b proto je tenhle okam\u017eik tak d\u016fle\u017eit\u00fd &#8211; nezm\u011bn\u00ed se to, \u017ee se v&nbsp;zastupitelstvu dal\u0161\u00ed \u010dty\u0159i roky budou st\u0159et\u00e1vat r\u016fzn\u00e9 n\u00e1zory. Dne\u0161ek ale m\u016f\u017ee v\u00fdrazn\u011b ovlivnit zp\u016fsob a&nbsp;m\u00edru kultivovanosti a&nbsp;slu\u0161nosti, s&nbsp;jakou k&nbsp;tomu\u00a0bude n\u00e1sleduj\u00edc\u00ed \u010dty\u0159i roky doch\u00e1zet a&nbsp;kolik energie v\u0161em zbyde pro rozvoj Lib\u010dic.  <\/p>\n","protected":false},"excerpt":{"rendered":"<p>T\u011b\u017eko v&nbsp;Lib\u010dic\u00edch hledat \u010dlov\u011bka, kter\u00e9mu by se neulevilo, \u017ee u\u017e to letos m\u00e1me za sebou. Skon\u010dila intenzivn\u00ed p\u0159edvolebn\u00ed kampa\u0148, kter\u00e1 na n\u011bkolik dlouh\u00fdch t\u00fddn\u016f zaplavila lib\u010dick\u00fd ve\u0159ejn\u00fd prostor, v\u010detn\u011b toho virtu\u00e1ln\u00edho. Dnes u\u017e voli\u010di a&nbsp;ob\u010dan\u00e9 maj\u00ed &#8220;padla&#8221;. Ale cesta k&nbsp;nov\u00e9mu zastupitelstvu m\u011bsta zav\u0159en\u00edm volebn\u00edch m\u00edstnost\u00ed zdaleka neskon\u010dila. Jak to tedy bude d\u00e1l?<\/p>\n","protected":false},"author":3,"featured_media":0,"comment_status":"open","ping_status":"open","sticky":false,"template":"","format":"standard","meta":[],"categories":[1],"tags":[],"_links":{"self":[{"href":"https:\/\/libcickekrizovatky.cz\/index.php?rest_route=\/wp\/v2\/posts\/20084"}],"collection":[{"href":"https:\/\/libcickekrizovatky.cz\/index.php?rest_route=\/wp\/v2\/posts"}],"about":[{"href":"https:\/\/libcickekrizovatky.cz\/index.php?rest_route=\/wp\/v2\/types\/post"}],"author":[{"embeddable":true,"href":"https:\/\/libcickekrizovatky.cz\/index.php?rest_route=\/wp\/v2\/users\/3"}],"replies":[{"embeddable":true,"href":"https:\/\/libcickekrizovatky.cz\/index.php?rest_route=%2Fwp%2Fv2%2Fcomments&post=20084"}],"version-history":[{"count":10,"href":"https:\/\/libcickekrizovatky.cz\/index.php?rest_route=\/wp\/v2\/posts\/20084\/revisions"}],"predecessor-version":[{"id":20086,"href":"https:\/\/libcickekrizovatky.cz\/index.php?rest_route=\/wp\/v2\/posts\/20084\/revisions\/20086"}],"wp:attachment":[{"href":"https:\/\/libcickekrizovatky.cz\/index.php?rest_route=%2Fwp%2Fv2%2Fmedia&parent=20084"}],"wp:term":[{"taxonomy":"category","embeddable":true,"href":"https:\/\/libcickekrizovatky.cz\/index.php?rest_route=%2Fwp%2Fv2%2Fcategories&post=20084"},{"taxonomy":"post_tag","embeddable":true,"href":"https:\/\/libcickekrizovatky.cz\/index.php?rest_route=%2Fwp%2Fv2%2Ftags&post=20084"}],"curies":[{"name":"wp","href":"https:\/\/api.w.org\/{rel}","templated":true}]}}