{"id":20104,"date":"2018-10-23T13:57:25","date_gmt":"2018-10-23T11:57:25","guid":{"rendered":"http:\/\/libcickekrizovatky.cz\/?p=20104"},"modified":"2018-10-23T15:10:52","modified_gmt":"2018-10-23T13:10:52","slug":"polopodzemni-kontejnery-investice-s-otazniky","status":"publish","type":"post","link":"https:\/\/libcickekrizovatky.cz\/?p=20104","title":{"rendered":"Ot\u00e1zky k&nbsp;realizaci polopodzemn\u00edch kontejner\u016f"},"content":{"rendered":"<div style=\"float: right;margin: 10px;text-align: justify\"><img loading=\"lazy\" class=\"aligncenter wp-image-145436\" src=\"https:\/\/libcickekrizovatky.cz\/content\/uploads\/2018\/10\/IMG_20181020_145436.jpg\" alt=\"Budov\u00e1n\u00ed podzemn\u00edch kontejner\u016f\" width=\"300\" height=\"200\" \/><\/div>\n<p style=\"text-align: justify\"><span style=\"font-weight: 400\">Je\u0161t\u011b p\u0159ed volbami vypuklo ve m\u011bst\u011b budov\u00e1n\u00ed polopodzemn\u00edch kontejner\u016f. Tato akce se objevila i&nbsp;v&nbsp;p\u0159edvolebn\u00ed kampani Lib\u011bhradu. Polopodzemn\u00ed kontejnery, dle m\u00e9ho pohledu na v\u011bc, maj\u00ed zbavit m\u011bsto nevkusn\u00fdch st\u00e1vaj\u00edc\u00edch n\u00e1dob na komun\u00e1ln\u00ed a&nbsp;t\u0159\u00edd\u011bn\u00fd odpad a&nbsp;jeliko\u017e budou m\u00edt i&nbsp;v\u011bt\u0161\u00ed celkov\u00fd objem,\u00a0mohou p\u0159in\u00e9st i&nbsp;ro\u010dn\u00ed \u00fasporu za svoz odpadu. K&nbsp;prom\u011bn\u00e1m doch\u00e1z\u00ed v&nbsp;lokalit\u00e1ch Nov\u00e1 Sahara, Star\u00e1 Sahara, D\u011blnick\u00e1 a&nbsp;Stud\u00e1nky. Kontejnery se zabudov\u00e1vaj\u00ed i&nbsp;na plo\u0161e p\u0159ed se\u0159adi\u0161t\u011bm. <\/span><!--more--><\/p>\n<p style=\"text-align: justify\"><span style=\"font-weight: 400\">Dle n\u00e1vrhu investic zve\u0159ejn\u011bn\u00e9ho v&nbsp;Lib\u010dick\u00fdch novin\u00e1ch 03\/2018 za tyto \u00fapravy m\u011bsto utrat\u00ed 2 mil. K\u010d. Suma byla n\u00e1sledn\u011b rozpo\u010dtov\u00fdm opat\u0159en\u00edm nav\u00fd\u0161ena na 2,4 mil. K\u010d. Nejde v\u016fbec o&nbsp;zanedbatelnou \u010d\u00e1stku, kdy\u017e v\u00edme, \u017ee celkov\u00fd n\u00e1vrh investic na rok 2018 \u010dinil okolo 13,2 mil. K\u010d. Proto bych k&nbsp;t\u00e9to akci o\u010dek\u00e1val odpov\u00eddaj\u00edc\u00ed p\u0159\u00edpravu.<\/span><\/p>\n<h3 style=\"text-align: justify\">Kontejnery m\u00edsto parkovac\u00edch m\u00edst?<\/h3>\n<p style=\"text-align: justify\"><span style=\"font-weight: 400\">Skryt\u00edm odpadov\u00fdch n\u00e1dob pod zem m\u011bsto jist\u011b zveleb\u00ed sv\u00e9 prost\u0159ed\u00ed. V&nbsp;tomto bod\u011b p\u0159edev\u0161\u00edm se mi realizace zamlouv\u00e1. P\u016fvodn\u00ed n\u00e1doby, a&nbsp;to p\u0159edev\u0161\u00edm ty modr\u00e9 pod\u00e9ln\u00e9 s&nbsp;n\u011bkolika otvory na komun\u00e1ln\u00ed odpad na Star\u00e9 a&nbsp;Nov\u00e9 Saha\u0159e, byly skute\u010dn\u011b ohyzdn\u00e9, i&nbsp;kdy\u017e sv\u016fj \u00fa\u010del plnily (a&nbsp;to i&nbsp;pro venku \u017eij\u00edc\u00ed ko\u010dky). Sice se v&nbsp;jin\u00fdch m\u011bstech diskutuje o&nbsp;v\u011bt\u0161\u00ed v\u00fdhodnosti hranat\u00fdch n\u00e1dob oproti v\u00e1lcov\u00fdm d\u00edky vy\u0161\u0161\u00edmu vyu\u017eit\u00ed podzemn\u00edho prostoru, ale budi\u017e. A\u017e po&nbsp;tento bod se m\u016f\u017ee zd\u00e1t, \u017ee je v\u0161e v&nbsp;po\u0159\u00e1dku. Ur\u010dit\u00e9 ot\u00e1zky se za\u010daly rodit v&nbsp;momentu, kdy se u&nbsp;kotelny na Nov\u00e9 Saha\u0159e po&nbsp;p\u0159esunu p\u016fvodn\u00edch n\u00e1dob na komun\u00e1ln\u00ed odpad za\u010dala hloubit j\u00e1ma pro um\u00edst\u011bn\u00ed kontejner\u016f v&nbsp;m\u00edst\u011b, kde do\u00a0t\u00e9 doby fungovala t\u0159i parkovac\u00ed m\u00edsta.<\/span><\/p>\n<p style=\"text-align: justify\"><span style=\"font-weight: 400\">Nebyl jsem jedin\u00fd ze s\u00eddli\u0161t\u011b,\u00a0kdo se pozastavoval nad t\u00edm, kde j\u00e1ma vlastn\u011b vznik\u00e1. Pon\u011bkud logi\u010dt\u011bj\u0161\u00edm um\u00edst\u011bn\u00edm by p\u0159eci byla plocha, kde st\u00e1ly kontejnery p\u016fvodn\u011b.\u00a0Ru\u0161en\u00ed\u00a0parkovac\u00edch st\u00e1n\u00ed nen\u00ed pro s\u00eddli\u0161t\u011b Nov\u00e1 Sahara rozhodn\u011b p\u0159ijateln\u00e9. O&nbsp;poddimenzovan\u00e9m po\u010dtu m\u00edst pro auta se\u00a0u n\u00e1s na s\u00eddli\u0161ti v\u00ed u\u017e dlouho a&nbsp;takov\u00e9to aktivity na klidu nep\u0159id\u00e1vaj\u00ed.<\/span><\/p>\n<p style=\"text-align: justify\"><span style=\"font-weight: 400\">Obr\u00e1til jsem se tedy s&nbsp;jednoduch\u00fdmi ot\u00e1zkami k&nbsp;tomuto z\u00e1m\u011bru na m\u011bstsk\u00fd \u00fa\u0159ad, doufaje v&nbsp;odpov\u011b\u010f, \u017ee zabran\u00e1 parkovac\u00ed m\u00edsta budou minim\u00e1ln\u011b ve stejn\u00e9m pom\u011bru nahrazena, nap\u0159\u00edklad na m\u00edst\u011b, kde odpadov\u00e9 n\u00e1doby st\u00e1ly p\u016fvodn\u011b. Z&nbsp;odpov\u011bdi jsem se dozv\u011bd\u011bl, \u017ee probl\u00e9m s&nbsp;um\u00edst\u011bn\u00edm polopodzemn\u00edch kontejner\u016f na horn\u00edm parkovi\u0161ti u&nbsp;kotelny nastal &#8220;jin\u00fdm ulo\u017een\u00edm vodovodu DN 150, ne\u017e bylo p\u016fvodn\u011b vyty\u010deno&#8221; a&nbsp;d\u00e1le, \u017ee na p\u016fvodn\u00edm stanovi\u0161ti odpadov\u00fdch kontejner\u016f &#8220;bude snaha um\u00edstit co nejv\u00edce parkovac\u00edch m\u00edst (3-4)&#8221;. Budeme-li optimist\u00e9, tak tedy na s\u00eddli\u0161ti alespo\u0148 nedojde k&nbsp;jejich poklesu. S&nbsp;jistotou to ale bohu\u017eel nev\u00edme.<\/span><\/p>\n<h3 style=\"text-align: justify\">Kdepak m\u00e1me projekt?<\/h3>\n<p style=\"text-align: justify\"><span style=\"font-weight: 400\">Z uveden\u00e9 odpov\u011bdi jsem ov\u0161em vy\u010detl, \u017ee pro cel\u00fd z\u00e1m\u011br radnice z\u0159ejm\u011b nem\u00e1 ani z\u00e1kladn\u00ed projekt (minim\u00e1ln\u011b pro realizaci u&nbsp;kotelny na Nov\u00e9 Saha\u0159e), proto\u017ee pokud by existoval, bylo by z&nbsp;n\u011bj jasn\u00e9, v&nbsp;jak\u00e9m po\u010dtu budou nakonec parkovac\u00ed st\u00e1n\u00ed nahrazena a&nbsp;zda v&nbsp;kone\u010dn\u00e9m sou\u010dtu nedojde ke sn\u00ed\u017een\u00ed jejich po\u010dtu. To by p\u0159i&nbsp;povolov\u00e1n\u00ed stavby m\u011blo zaj\u00edmat i&nbsp;stavebn\u00ed \u00fa\u0159ad. Nerozum\u00edm up\u0159\u00edmn\u011b ani tomu, jak m\u016f\u017ee m\u011bsto \u0159\u00e1dn\u011b sout\u011b\u017eit dodavatele pro realizaci stavebn\u00edch prac\u00ed souvisej\u00edc\u00edch s&nbsp;um\u00edst\u011bn\u00edm polopodzemn\u00edch kontejner\u016f, kdy\u017e k&nbsp;tomuto nem\u00e1 \u017e\u00e1dnou dokumentaci, kter\u00e1 by bl\u00ed\u017ee specifikovala objem nutn\u00fdch stavebn\u00edch prac\u00ed &#8211; tedy kter\u00e1 by jasn\u011b ur\u010dila startovn\u00ed linii pro v\u0161echny z\u00e1jemce o&nbsp;takovou zak\u00e1zku. <\/span><\/p>\n<p style=\"text-align: justify\"><span style=\"font-weight: 400\">M\u00e1m bohu\u017eel za to, \u017ee p\u0159ed vyd\u00e1n\u00edm povolen\u00ed, nebo alespo\u0148 souhlasu stavebn\u00edm \u00fa\u0159adem, neprob\u011bhla adekv\u00e1tn\u00ed projektov\u00e1 p\u0159\u00edprava a&nbsp;zji\u0161\u0165ov\u00e1n\u00ed polohy in\u017een\u00fdrsk\u00fdch s\u00edt\u00ed u&nbsp;provozovatel\u016f. Je podivn\u00e9, \u017ee osoba odpov\u011bdn\u00e1 osoba za tuto investici nev\u00ed, kde le\u017e\u00ed pom\u011brn\u011b velk\u00e9 potrub\u00ed vodovodu &#8211; DN 150 je toti\u017e na vodovod po\u0159\u00e1dn\u00fd macek! Velmi r\u00e1d si v\u0161ak po&nbsp;polo\u017een\u00ed t\u011bchto ve\u0159ejn\u00fdch ot\u00e1zek vyslechnu, \u017ee v\u0161e bylo pe\u010dliv\u011b p\u0159ipraveno, cena byla popt\u00e1na u&nbsp;v\u00edce mo\u017en\u00fdch dodavatel\u016f a&nbsp;ne jen rozd\u011blena do men\u0161\u00edch dod\u00e1vek, \u017ee k&nbsp;dan\u00e9 investici existuje projekt a&nbsp;k&nbsp;\u00faprav\u00e1m bylo pro v\u0161echny lokality vyd\u00e1no povolen\u00ed. Jen se prost\u011b ob\u00e1v\u00e1m, \u017ee hned v&nbsp;n\u011bkolika bodech tomu tak prost\u011b nen\u00ed a&nbsp;proto na tyto nedostatky upozor\u0148uji.<\/span><\/p>\n<h3 style=\"text-align: justify\">Cena kontejner\u016f a&nbsp;stavebn\u00edch prac\u00ed<\/h3>\n<p style=\"text-align: justify\"><span style=\"font-weight: 400\">N\u00e1kup kontejner\u016f byl schv\u00e1len Radou m\u011bsta (4x Lib\u011bhrad, 1x TOP 09) dne 4.&nbsp;7.&nbsp;2018. Na polopodzemn\u00ed kontejnery \u0161v\u00e9dsk\u00e9 v\u00fdroby m\u00e1 obchodn\u00ed zastoupen\u00ed Firma Meva a.s., Na Urbance 632, 413&nbsp;01 Roudnice nad Labem. Zde je p\u0159ehled jejich po\u0159izovach cen:<\/span><\/p>\n<p style=\"text-align: justify\"><img loading=\"lazy\" class=\"size-full wp-image-20140 alignleft\" src=\"https:\/\/libcickekrizovatky.cz\/content\/uploads\/2018\/10\/kontejnery_po\u010det-a-cena-e1540231505345.png\" alt=\"\" width=\"500\" height=\"199\" \/><\/p>\n<p style=\"text-align: justify\">Zhruba polovina z&nbsp;celkov\u00e9 investice ve v\u00fd\u0161i 1,2 mil. K\u010d\u00a0 jde na n\u00e1kup kontejner\u016f a&nbsp;druh\u00e1 polovina ve v\u00fd\u0161i 1,2 mil. K\u010d je ur\u010dena na p\u0159\u00edpravu a&nbsp;zhotoven\u00ed stanovi\u0161\u0165. Budeme sledovat i&nbsp;v\u00fdsledn\u00fd \u00fa\u010det.<\/p>\n<h3 style=\"text-align: justify\">Term\u00edn zprovozn\u011bn\u00ed nen\u00ed\u00a0je\u0161t\u011b zn\u00e1m<\/h3>\n<p style=\"text-align: justify\">Pokud v\u00e1s zaj\u00edm\u00e1, kdy budou nov\u00e9 kontejnery zprovozn\u011bny, tak v\u011bzte, \u017ee z\u00e1le\u017e\u00ed na term\u00ednu dokon\u010den\u00ed posledn\u00edho ze stanovi\u0161\u0165, proto\u017ee svoz mus\u00ed za\u010d\u00edt hromadn\u011b. Na s\u00eddli\u0161ti tedy je\u0161t\u011b n\u011bjakou chv\u00edli budeme muset strp\u011bt aktu\u00e1ln\u00ed stav a&nbsp;\u010dekat, zda k&nbsp;tomu v\u0161emu nakonec neubude i&nbsp;n\u011bkter\u00e9 z&nbsp;parkovac\u00edch m\u00edst.<\/p>\n","protected":false},"excerpt":{"rendered":"<p>Je\u0161t\u011b p\u0159ed volbami vypuklo ve m\u011bst\u011b budov\u00e1n\u00ed polopodzemn\u00edch kontejner\u016f. Tato akce se objevila i&nbsp;v&nbsp;p\u0159edvolebn\u00ed kampani Lib\u011bhradu. Polopodzemn\u00ed kontejnery, dle m\u00e9ho pohledu na v\u011bc, maj\u00ed zbavit m\u011bsto nevkusn\u00fdch st\u00e1vaj\u00edc\u00edch n\u00e1dob na komun\u00e1ln\u00ed a&nbsp;t\u0159\u00edd\u011bn\u00fd odpad a&nbsp;jeliko\u017e budou m\u00edt i&nbsp;v\u011bt\u0161\u00ed celkov\u00fd objem,\u00a0mohou p\u0159in\u00e9st i&nbsp;ro\u010dn\u00ed \u00fasporu za svoz odpadu. K&nbsp;prom\u011bn\u00e1m doch\u00e1z\u00ed v&nbsp;lokalit\u00e1ch Nov\u00e1 Sahara, Star\u00e1 Sahara, D\u011blnick\u00e1 a&nbsp;Stud\u00e1nky. Kontejnery [&hellip;]<\/p>\n","protected":false},"author":46,"featured_media":0,"comment_status":"open","ping_status":"open","sticky":false,"template":"","format":"standard","meta":[],"categories":[4,111],"tags":[],"_links":{"self":[{"href":"https:\/\/libcickekrizovatky.cz\/index.php?rest_route=\/wp\/v2\/posts\/20104"}],"collection":[{"href":"https:\/\/libcickekrizovatky.cz\/index.php?rest_route=\/wp\/v2\/posts"}],"about":[{"href":"https:\/\/libcickekrizovatky.cz\/index.php?rest_route=\/wp\/v2\/types\/post"}],"author":[{"embeddable":true,"href":"https:\/\/libcickekrizovatky.cz\/index.php?rest_route=\/wp\/v2\/users\/46"}],"replies":[{"embeddable":true,"href":"https:\/\/libcickekrizovatky.cz\/index.php?rest_route=%2Fwp%2Fv2%2Fcomments&post=20104"}],"version-history":[{"count":44,"href":"https:\/\/libcickekrizovatky.cz\/index.php?rest_route=\/wp\/v2\/posts\/20104\/revisions"}],"predecessor-version":[{"id":20193,"href":"https:\/\/libcickekrizovatky.cz\/index.php?rest_route=\/wp\/v2\/posts\/20104\/revisions\/20193"}],"wp:attachment":[{"href":"https:\/\/libcickekrizovatky.cz\/index.php?rest_route=%2Fwp%2Fv2%2Fmedia&parent=20104"}],"wp:term":[{"taxonomy":"category","embeddable":true,"href":"https:\/\/libcickekrizovatky.cz\/index.php?rest_route=%2Fwp%2Fv2%2Fcategories&post=20104"},{"taxonomy":"post_tag","embeddable":true,"href":"https:\/\/libcickekrizovatky.cz\/index.php?rest_route=%2Fwp%2Fv2%2Ftags&post=20104"}],"curies":[{"name":"wp","href":"https:\/\/api.w.org\/{rel}","templated":true}]}}