{"id":20207,"date":"2018-10-26T08:45:56","date_gmt":"2018-10-26T06:45:56","guid":{"rendered":"http:\/\/libcickekrizovatky.cz\/?p=20207"},"modified":"2018-10-26T09:01:38","modified_gmt":"2018-10-26T07:01:38","slug":"reakce-k-odpovedi-p-cermaka-na-clanek-otazky-k-realizaci-polopodzemnich-kontejneru","status":"publish","type":"post","link":"https:\/\/libcickekrizovatky.cz\/?p=20207","title":{"rendered":"Reakce k&nbsp;odpov\u011bdi p.&nbsp;\u010cerm\u00e1ka na \u010dl\u00e1nek &#8220;Ot\u00e1zky k&nbsp;realizaci polopodzemn\u00edch kontejner\u016f&#8221;"},"content":{"rendered":"<p style=\"text-align: justify;\"><span style=\"font-weight: 400;\">V\u00e1\u017een\u00fd pane \u010cerm\u00e1ku, mrz\u00ed m\u011b, \u017ee V\u00e1s m\u016fj \u010dl\u00e1nek vyprovokoval ke zbyte\u010dn\u00fdm invektiv\u00e1m v\u016f\u010di m\u00e9 osob\u011b a&nbsp;port\u00e1lu Lib\u010dick\u00e9 k\u0159i\u017eovatky. Domn\u00edv\u00e1m se, \u017ee v&nbsp;reakci na n\u011bj sta\u010dilo podat v\u011bcn\u00e9 odpov\u011bdi na m\u00e9 ot\u00e1zky, jak V\u00e1m coby \u00fa\u0159edn\u00edkovi m\u011bstsk\u00e9 spr\u00e1vy p\u0159\u00edslu\u0161\u00ed, a&nbsp;tak\u00e9 si p\u0159edt\u00edm ov\u011b\u0159it, jak\u00e9 informace k&nbsp;t\u00e9to z\u00e1le\u017eitosti M\u011b\u00da ofici\u00e1ln\u011b vydal. Dovol\u00edm se k&nbsp;Va\u0161\u00ed odpov\u011bdi vyj\u00e1d\u0159it v&nbsp;n\u011bkolika stru\u010dn\u00fdch bodech:<\/span><!--more--><\/p>\n<ul style=\"text-align: justify;\">\n<li style=\"font-weight: 400;\"><span style=\"font-weight: 400;\">V \u00favodu m\u00e9ho \u010dl\u00e1nku bylo zm\u00edn\u011bno, \u017ee se tato investi\u010dn\u00ed akce objevila i&nbsp;v&nbsp;r\u00e1mci p\u0159edvolebn\u00ed kampan\u011b Lib\u011bhradu. To\u0165 v\u0161e.\u00a0Zbytek o&nbsp;&#8220;ovliv\u0148ov\u00e1n\u00ed voli\u010d\u016f&#8221; jste s\u00e1m vykonstruoval a\u017e ve sv\u00e9 odpov\u011bdi. V\u00a0druh\u00e9 \u010d\u00e1sti\u00a0sv\u00e9ho prvn\u00edho odstavce mne\u00a0pak nep\u0159\u00edmo ur\u00e1\u017e\u00edte. To se mi v\u016fbec nel\u00edb\u00ed a&nbsp;nev\u00edm, co V\u00e1s k&nbsp;takov\u00e9mu jedn\u00e1n\u00ed vede.\u00a0\u00a0<\/span><\/li>\n<li style=\"font-weight: 400;\"><b>Informace o&nbsp;zprovozn\u011bn\u00ed kontejner\u016f a&nbsp;um\u00edst\u011bn\u00ed vodovodu jsem skute\u010dn\u011b z\u00edskal od pana tajemn\u00edka D\u011bdi\u010de.<\/b><span style=\"font-weight: 400;\"> Onu \u201ctv\u016fr\u010d\u00ed invenci\u201d bylo t\u0159eba rozvinout v&nbsp;okam\u017eiku, kdy mi nebylo jasn\u00e9, kolik parkovac\u00edch m\u00edst na Nov\u00e9 Saha\u0159e nakonec vznikne a&nbsp;ur\u010den\u00ed jejich po\u010dtu bylo definov\u00e1no vzkazem \u201cje snahou jich um\u00edstit co nejv\u00edce\u201d. Promi\u0148te mi to p\u0159irovn\u00e1n\u00ed, ale pokud bych stav\u011bl d\u016fm, tak projekt k&nbsp;n\u011bmu jist\u011b nem\u016f\u017ee obsahovat informace, kter\u00e9 by \u0159\u00edkaly, \u017ee gar\u00e1\u017e u&nbsp;n\u011bj bude jedna, nebo mo\u017en\u00e1 dv\u011b. Projekt po\u010det v\u017edy jasn\u011b definuje. Jsem v\u0161ak sou\u010dasn\u011b r\u00e1d, \u017ee parkovac\u00ed m\u00edsta na Nov\u00e9 Saha\u0159e neubudou. A&nbsp;to n\u00e1m jde na s\u00eddli\u0161ti p\u0159edev\u0161\u00edm.<\/span><\/li>\n<li style=\"font-weight: 400;\"><span style=\"font-weight: 400;\">Jde-li o&nbsp;pohled na samotn\u00fd z\u00e1m\u011br investovat do polopodzemn\u00edch kontejner\u016f, vyj\u00e1d\u0159il jsem se k&nbsp;n\u011bmu pozitivn\u011b. M\u011bsto se jejich prost\u0159ednictv\u00edm prokazateln\u011b zveleb\u00ed. <\/span><\/li>\n<li style=\"font-weight: 400;\"><span style=\"font-weight: 400;\">Informace o&nbsp;z\u00e1m\u011bru budovat kontejnery v&nbsp;ul. D\u011blnick\u00e1 byla \u010derp\u00e1na (a&nbsp;v&nbsp;\u010dl\u00e1nku to je uvedeno) z&nbsp;<\/span><b>Lib\u010dick\u00fdch novin 03\/2018<\/b><span style=\"font-weight: 400;\">. Konkr\u00e9tn\u011b \u201e<\/span><i><span style=\"font-weight: 400;\">N\u00e1vrh investic, bod 9: Polopodzemn\u00ed kontejnery na komun\u00e1ln\u00ed a&nbsp;separovan\u00fd odpad Nov\u00e1 a&nbsp;Star\u00e1 Sahara, Stud\u00e1nky, D\u011blnick\u00e1 s&nbsp;odhadem ceny v&nbsp;\u010d\u00e1stce 2&nbsp;000&nbsp;000,- K\u010d v\u010d. DPH.<\/span><\/i><span style=\"font-weight: 400;\">\u201d<\/span><\/li>\n<li style=\"font-weight: 400;\"><span style=\"font-weight: 400;\">Tabulku o&nbsp;cen\u00e1ch samotn\u00fdch kontejner\u016f jsem vy\u0148al ze <\/span><b>z\u00e1pisu jedn\u00e1n\u00ed Rady m\u011bsta \u010d.&nbsp;16 ze dne 4.&nbsp;7.&nbsp;2018<\/b><span style=\"font-weight: 400;\"> (o&nbsp;tom se tak\u00e9 lze do\u010d\u00edst v&nbsp;\u010dl\u00e1nku p\u0159\u00edmo nad tabulkou) &#8211; ano ceny tam jsou bez DPH. Nech\u00e1pu ov\u0161em, jakou to m\u00e1 souvislost s&nbsp;m\u00fdmi ot\u00e1zkami?<\/span><\/li>\n<li style=\"font-weight: 400;\"><span style=\"font-weight: 400;\">Pokud na stavebn\u00ed pr\u00e1ce spojen\u00e9 s&nbsp;touto zak\u00e1zkou zb\u00fdv\u00e1 po&nbsp;zaplacen\u00ed samotn\u00fdch kontejner\u016f odhadem 1,2 mil. K\u010d <\/span><i><span style=\"font-weight: 400;\">bez DPH<\/span><\/i><span style=\"font-weight: 400;\">, pak bych cht\u011bl je\u0161t\u011b zn\u00e1t odpov\u011b\u010f k&nbsp;tomu, jak\u00e1 firma \u010di&nbsp;firmy realizuj\u00ed \u00fapravy v\u0161ech stanovi\u0161\u0165 a&nbsp;jak\u00fdm zp\u016fsobem bylo postupov\u00e1no p\u0159i&nbsp;jej\u00edm\/jejich v\u00fdb\u011bru. Z&nbsp;informace Rady m\u011bsta dne 3.10.2018 toti\u017e bylo stanovi\u0161t\u011b u&nbsp;domu Pod Saharou 705 p\u0159id\u011bleno firm\u011b\u00a0Milo\u0161 Brejcha a&nbsp;o&nbsp;dal\u0161\u00edch ji\u017e realizovan\u00fdch stanovi\u0161t\u00edch nen\u00ed v&nbsp;z\u00e1pisech Rady m\u011bsta zm\u00ednka. To je pro mne ne\u010diteln\u00e9.\u00a0<\/span><b>Je tedy cel\u00e1 zak\u00e1zka rozd\u011blena na jednotliv\u00e1 stanovi\u0161t\u011b, jak spekuluji ve sv\u00e9m \u010dl\u00e1nku, nebo nikoliv?\u00a0<\/b>Posta\u010d\u00ed kr\u00e1tk\u00e1 vysv\u011btluj\u00edc\u00ed odpov\u011b\u010f do koment\u00e1\u0159\u016f pod t\u00edmto textem.<\/li>\n<li style=\"font-weight: 400;\"><span style=\"font-weight: 400;\">Ad va\u0161e sd\u011blen\u00ed m\u00ed\u0159en\u00e9 na mou osobu. Pokud\u00a0jste m\u011bl pot\u0159ebu se vyjad\u0159ovat k&nbsp;tomu, jak\u00fdm podle v\u00e1s m\u00e1m b\u00fdt budouc\u00edm zastupitelem, pak mi mo\u017en\u00e1 na opl\u00e1tku m\u016f\u017eete vysv\u011btlit, co V\u00e1s vede k&nbsp;tomu, \u017ee jste stejn\u011b jako po&nbsp;volb\u00e1ch v&nbsp;roce 2014 <\/span><b>i letos jako zvolen\u00fd zastupitel na tuto funkci okam\u017eit\u011b rezignoval. Pro\u010d tedy do zastupitelstva opakovan\u011b kandidujete, kdy\u017e o&nbsp;pr\u00e1ci v&nbsp;zastupitelstvu nem\u00e1te opravdov\u00fd z\u00e1jem?<\/b> <b>Nen\u00ed to podvod na voli\u010d\u00edch? <\/b><\/li>\n<\/ul>\n<p style=\"text-align: justify;\"><span style=\"font-weight: 400;\">Z\u00e1v\u011brem\u00a0bych cht\u011bl dodat, \u017ee pokud by ka\u017ed\u00e9 m\u00e9 pochybnosti formulovan\u00e9 do \u010dl\u00e1nku m\u011bly vzbudit takovou Va\u0161i reakci, pot\u011b\u0161ilo by m\u011b, kdybyste zkusil naj\u00edt jako zam\u011bstnanec obce profesion\u00e1ln\u011b kultivovan\u011bj\u0161\u00ed formu komunikace p\u0159i&nbsp;ve\u0159ejn\u00e9m vysv\u011btlov\u00e1n\u00ed vz\u00e1jemn\u00fdch pohled\u016f na investi\u010dn\u00ed akce m\u011bsta. <\/span><\/p>\n<p style=\"text-align: justify;\"><span style=\"font-weight: 400;\">S pozdravem a&nbsp;v&nbsp;profesion\u00e1ln\u00ed rovin\u011b nad\u00e1le v&nbsp;\u00fact\u011b,<br \/>\n<\/span><span style=\"font-weight: 400;\">Roman <span style=\"font-size: 12pt;\">\u0160ebl<\/span><\/span><\/p>\n<hr \/>\n<p style=\"text-align: justify;\">V\u00fd\u0161e uveden\u00e9 je reakc\u00ed na odpov\u011b\u010f pana Jaroslava \u010cerm\u00e1ka ze spr\u00e1vy majetku m\u011bsta, kter\u00e1 m\u011bla toto zn\u011bn\u00ed:\u00a0<span style=\"font-size: 10pt;\"><a href=\"https:\/\/www.facebook.com\/libehrad\/photos\/a.211238486204619\/262149307780203\/?type=3\">https:\/\/www.facebook.com\/libehrad\/photos\/a.211238486204619\/262149307780203\/?type=3<\/a><\/span><\/p>\n<hr \/>\n","protected":false},"excerpt":{"rendered":"<p>V\u00e1\u017een\u00fd pane \u010cerm\u00e1ku, mrz\u00ed m\u011b, \u017ee V\u00e1s m\u016fj \u010dl\u00e1nek vyprovokoval ke zbyte\u010dn\u00fdm invektiv\u00e1m v\u016f\u010di m\u00e9 osob\u011b a&nbsp;port\u00e1lu Lib\u010dick\u00e9 k\u0159i\u017eovatky. Domn\u00edv\u00e1m se, \u017ee v&nbsp;reakci na n\u011bj sta\u010dilo podat v\u011bcn\u00e9 odpov\u011bdi na m\u00e9 ot\u00e1zky, jak V\u00e1m coby \u00fa\u0159edn\u00edkovi m\u011bstsk\u00e9 spr\u00e1vy p\u0159\u00edslu\u0161\u00ed, a&nbsp;tak\u00e9 si p\u0159edt\u00edm ov\u011b\u0159it, jak\u00e9 informace k&nbsp;t\u00e9to z\u00e1le\u017eitosti M\u011b\u00da ofici\u00e1ln\u011b vydal. Dovol\u00edm se k&nbsp;Va\u0161\u00ed odpov\u011bdi vyj\u00e1d\u0159it [&hellip;]<\/p>\n","protected":false},"author":46,"featured_media":0,"comment_status":"open","ping_status":"open","sticky":false,"template":"","format":"standard","meta":[],"categories":[4,111],"tags":[],"_links":{"self":[{"href":"https:\/\/libcickekrizovatky.cz\/index.php?rest_route=\/wp\/v2\/posts\/20207"}],"collection":[{"href":"https:\/\/libcickekrizovatky.cz\/index.php?rest_route=\/wp\/v2\/posts"}],"about":[{"href":"https:\/\/libcickekrizovatky.cz\/index.php?rest_route=\/wp\/v2\/types\/post"}],"author":[{"embeddable":true,"href":"https:\/\/libcickekrizovatky.cz\/index.php?rest_route=\/wp\/v2\/users\/46"}],"replies":[{"embeddable":true,"href":"https:\/\/libcickekrizovatky.cz\/index.php?rest_route=%2Fwp%2Fv2%2Fcomments&post=20207"}],"version-history":[{"count":35,"href":"https:\/\/libcickekrizovatky.cz\/index.php?rest_route=\/wp\/v2\/posts\/20207\/revisions"}],"predecessor-version":[{"id":20242,"href":"https:\/\/libcickekrizovatky.cz\/index.php?rest_route=\/wp\/v2\/posts\/20207\/revisions\/20242"}],"wp:attachment":[{"href":"https:\/\/libcickekrizovatky.cz\/index.php?rest_route=%2Fwp%2Fv2%2Fmedia&parent=20207"}],"wp:term":[{"taxonomy":"category","embeddable":true,"href":"https:\/\/libcickekrizovatky.cz\/index.php?rest_route=%2Fwp%2Fv2%2Fcategories&post=20207"},{"taxonomy":"post_tag","embeddable":true,"href":"https:\/\/libcickekrizovatky.cz\/index.php?rest_route=%2Fwp%2Fv2%2Ftags&post=20207"}],"curies":[{"name":"wp","href":"https:\/\/api.w.org\/{rel}","templated":true}]}}