{"id":20243,"date":"2018-10-28T08:10:51","date_gmt":"2018-10-28T07:10:51","guid":{"rendered":"http:\/\/libcickekrizovatky.cz\/?p=20243"},"modified":"2018-10-28T08:10:51","modified_gmt":"2018-10-28T07:10:51","slug":"koalicni-jednani-skoncila-volime-starostu","status":"publish","type":"post","link":"https:\/\/libcickekrizovatky.cz\/?p=20243","title":{"rendered":"Koali\u010dn\u00ed jedn\u00e1n\u00ed skon\u010dila: vol\u00edme starostu"},"content":{"rendered":"<p>Ve st\u0159edu 31.&nbsp;\u0159\u00edjna 2018 v&nbsp;17 hodin\u00a0p\u0159ij\u010fte do restaurace lib\u010dick\u00e9ho koupali\u0161t\u011b &#8211; bude se zde konat ustavuj\u00edc\u00ed zastupitelstvo, jeho\u017e \u00fakolem je zvolit starostu, m\u00edstostarostu, radu m\u011bsta a&nbsp;\u010dleny finan\u010dn\u00edho a&nbsp;kontroln\u00edho v\u00fdboru.<\/p>\n<p>Od voleb ub\u011bhly t\u0159i t\u00fddny, b\u011bhem kter\u00fdch prob\u00edhala koali\u010dn\u00ed vyjedn\u00e1v\u00e1n\u00ed. Doufali jsme, \u017ee v\u00edt\u011bzn\u00fd Lib\u011bhrad v&nbsp;nich uk\u00e1\u017ee svou deklarovanou snahu o&nbsp;\u0161irokou spolupr\u00e1ci v\u0161ech subjekt\u016f, kter\u00e1 by zohlednila jeho t\u011bsn\u00e9 v\u00edt\u011bzstv\u00ed. Bohu\u017eel se tak nestalo. Pr\u016fb\u011bh vyjedn\u00e1v\u00e1n\u00ed si shr\u0148me v&nbsp;n\u00e1sleduj\u00edc\u00edch odstavc\u00edch.<\/p>\n<p><!--more--><\/p>\n<h3>Prvn\u00ed nab\u00eddka Lib\u011bhradu: my v\u0161echno a&nbsp;vy nic<\/h3>\n<div>Po t\u00e9m\u011b\u0159 patov\u00e9m v\u00fdsledku voleb jsme osobn\u011b pogratulovali v\u00edt\u011bzi a&nbsp;delegovali jsme \u010dty\u0159\u010dlenn\u00fd t\u00fdm pro povolebn\u00ed vyjedn\u00e1v\u00e1n\u00ed.<\/div>\n<div>Na prvn\u00edm setk\u00e1n\u00ed\u00a0jsme obdr\u017eeli n\u00e1vrh, v&nbsp;n\u011bm\u017e Lib\u011bhrad po\u017eadoval obsazen\u00ed m\u00edst starosty, jeden a&nbsp;p\u016fl \u00favazku pro sv\u00e9 dva uvoln\u011bn\u00e9 (tj.&nbsp;pln\u011b placen\u00e9) m\u00edstostarosty, celou radu m\u011bsta s&nbsp;\u00fa\u010dast\u00ed TOP09 a&nbsp;v\u011bt\u0161inu v&nbsp;kontroln\u00edm a&nbsp;finan\u010dn\u00edm v\u00fdboru. Pro LOS se po\u010d\u00edtalo pouze po&nbsp;jednom m\u00edst\u011b v&nbsp;obou v\u00fdborech a&nbsp;v&nbsp;pracovn\u00edch komis\u00edch (komise pro otv\u00edr\u00e1n\u00ed ob\u00e1lek, v\u00fdb\u011brov\u00e1, investi\u010dn\u00ed, \u017eivotn\u00edho prost\u0159ed\u00ed a&nbsp;\u0161kolsk\u00e1 a&nbsp;kulturn\u00ed).\u00a0Tento n\u00e1vrh byl pro n\u00e1s zcela nep\u0159ijateln\u00fd &#8211; odm\u00edtli jsme jej s&nbsp;upozorn\u011bn\u00edm, \u017ee ur\u010dit\u011b o\u010dek\u00e1v\u00e1me v\u011bt\u0161\u00ed reflektov\u00e1n\u00ed v\u00fdsledku voleb, a&nbsp;to pom\u011bru 7\/6 (Lib\u011bhrad\/LOS) a&nbsp;1\/1 (TOP09\/ODS).<\/div>\n<h3><\/h3>\n<div>\n<h3>Druh\u00e1 nab\u00eddka Lib\u011bhradu: jedno m\u00edsto v&nbsp;komis\u00edch<\/h3>\n<p>Druh\u00fd n\u00e1vrh Lib\u011bhradu op\u011bt nebyl koali\u010dn\u00ed &#8211; v\u00edt\u011bz voleb v&nbsp;n\u011bm obsazuje\u00a0m\u00edsto starosty, ji\u017e jen jednoho m\u00edstostarosty, dal\u0161\u00edch dvou \u010dlen\u016f rady m\u011bsta, p\u00e1t\u00fd \u010dlen RM je ponech\u00e1n pro zastupitele TOP09. Na\u0161emu spolku nab\u00edz\u00ed po&nbsp;jednom m\u00edstu ve finan\u010dn\u00edm, kontroln\u00edm v\u00fdboru a&nbsp;nov\u011b navrhovan\u00e9m v\u00fdboru pro rozvoj m\u011bsta a&nbsp;po&nbsp;jednom m\u00edstu ve v\u0161ech komis\u00edch a&nbsp;v&nbsp;redak\u010dn\u00ed rad\u011b Lib\u010dick\u00fdch novin.<\/p>\n<p>Takov\u00fd n\u00e1vrh je pro n\u00e1s bohu\u017eel st\u00e1le nep\u0159ijateln\u00fd. Nereflektuje t\u011bsn\u00e9 v\u00fdsledky vze\u0161l\u00e9 z&nbsp;komun\u00e1ln\u00edch voleb v&nbsp;Lib\u010dic\u00edch nad Vltavou, a&nbsp;tedy n\u00e1zor podstatn\u00e9 \u010d\u00e1sti voli\u010d\u016f. Na\u0161im \u0161esti\u00a0zastupitel\u016fm tento n\u00e1vrh sd\u011bluje, \u017ee jim nebude sv\u011b\u0159ena ani kontroln\u00ed role, kter\u00e1, p\u0159i&nbsp;respektov\u00e1n\u00ed\u00a0demokratick\u00fdch princip\u016f, b\u00fdv\u00e1 ponech\u00e1na opozici.<\/p>\n<h3>N\u00e1vrh kompromisn\u00edho starosty a&nbsp;koalice s&nbsp;TOP09<\/h3>\n<div>\n<p><span style=\"font-weight: 400;\">N\u00e1sledn\u011b jsme samostatn\u011b oslovili TOP09 s&nbsp;nab\u00eddkou na koalici LOS-TOP09-ODS (p\u0159edem projednanou s&nbsp;ODS), v&nbsp;n\u00ed\u017e by starostou byl jedin\u00fd zvolen\u00fd zastupitel TOP09 Franti\u0161ek Hudek, pozici m\u00edstostarosty by obsadil LOS a&nbsp;kontroln\u00ed v\u00fdbor by z&nbsp;v\u011bt\u0161\u00ed \u010d\u00e1sti obsadil Lib\u011bhrad. <\/span><\/p>\n<p><span style=\"font-weight: 400;\">TOP09 si vzala \u010das na rozmy\u0161lenou a&nbsp;po&nbsp;n\u011bkolika dnech n\u00e1m jej\u00ed z\u00e1stupci ozn\u00e1mili, \u017ee tento n\u00e1vrh nebyl hlasov\u00e1n\u00edm mezi jej\u00edmi kandid\u00e1ty podpo\u0159en. N\u00e1\u0161 n\u00e1vrh jsme poslali i&nbsp;Lib\u011bhradu, kter\u00fd n\u00e1\u0161 n\u00e1vrh na \u0161irokou koalici rovn\u011b\u017e zam\u00edtl.<\/span><\/p>\n<\/div>\n<h3>K dosa\u017een\u00ed konsensu je pot\u0159eba \u00fa\u010dast na rozhodov\u00e1n\u00ed<\/h3>\n<p>Kdo \u010detl volebn\u00ed programy jednotliv\u00fdch uskupen\u00ed, z\u0159ejm\u011b si v\u0161iml, \u017ee v&nbsp;mnoha bodech se v\u0161echny zvolen\u00e9 subjekty shoduj\u00ed. K&nbsp;rozhodnut\u00edm vedouc\u00edm\u00a0 k&nbsp;jejich realizaci v\u0161ak nelze podle na\u0161eho n\u00e1zoru dosp\u011bt tak, \u017ee jedna strana v\u0161e navrhne, v&nbsp;rad\u011b m\u011bsta rozhodne a&nbsp;ostatn\u00edm nab\u00eddne pouze mo\u017enost hlasovat pro. Bez pod\u00edlu na \u0159\u00edzen\u00ed a&nbsp;kontrole n\u00e1m nezb\u00fdv\u00e1 ne\u017e se ujmout role opozice.<\/p>\n<p>Je z\u0159ejm\u00e9, \u017ee pom\u011br sil v&nbsp;zastupitelstvu (7x\u00a0Lib\u011bhrad \u2013 6x Lib\u010dick\u00fd ob\u010dansk\u00fd spolek LOS \u2013 1x TOP09 \u2013 1x ODS) nazna\u010duje v\u00fdraznou polarizaci m\u011bsta,\u00a0kter\u00e1 nen\u00ed pro budouc\u00ed rozvoj m\u011bsta v\u00fdhodn\u00e1. Jsme o\u00a0tom p\u0159esv\u011bd\u010deni i&nbsp;proto, \u017ee zastupitel\u00e9 v&nbsp;brzk\u00e9 dob\u011b budou st\u00e1t p\u0159ed rozhodnut\u00edm t\u00fdkaj\u00edc\u00edm se realizace\u00a0v\u00fdznamn\u00fdch m\u011bstsk\u00fdch investic\u00ed, jako je sportovn\u00ed hala, cyklostezka, n\u00e1plavka a&nbsp;mo\u017en\u00e1 i&nbsp;spolkov\u00fd d\u016fm.\u00a0Podobn\u00e1 rozhodnut\u00ed mus\u00ed b\u00fdt podlo\u017een\u00e1 shodou nap\u0159\u00ed\u010d cel\u00fdm zastupitelstvem, nikoliv jen odhlasovan\u00e1 v\u011bt\u0161inou\u00a0jednoho (!) mand\u00e1tu. Nen\u00ed proto proz\u00edrav\u00e9 pokra\u010dovat ve zp\u016fsobu \u010dist\u011b stranick\u00e9ho hlasov\u00e1n\u00ed\u00a0uplat\u0148ovan\u00e9m po&nbsp;cel\u00e9 uplynul\u00e9 volebn\u00ed obdob\u00ed.<\/p>\n<h3>Na\u0161e p\u0159edstava koalice<\/h3>\n<p>Pro dal\u0161\u00ed spolupr\u00e1ci jsou pro n\u00e1s d\u016fle\u017eit\u00e9\u00a0principy otev\u0159enosti a&nbsp;transparentn\u00ed spr\u00e1vy m\u011bsta. P\u0159edpokl\u00e1d\u00e1me, \u017ee hlavn\u00ed investi\u010dn\u00ed z\u00e1m\u011bry m\u011bsta budou v\u017edy ve f\u00e1zi z\u00e1m\u011bru schvalov\u00e1ny zastupitelstvem pot\u00e9, co na n\u011bm bude spole\u010dn\u011b nalezena shoda, a&nbsp;budou zv\u00e1\u017eeny mo\u017en\u00e9 varianty v\u010detn\u011b p\u0159\u00edpadn\u00fdch rizik. Cht\u011bli bychom, aby na rozd\u00edl od minul\u00e9ho volebn\u00edho obdob\u00ed zastupitelstvo bylo v\u017edy sezn\u00e1meno v&nbsp;p\u0159edstihu i&nbsp;s&nbsp;obsahem zad\u00e1n\u00ed v\u00fdb\u011brov\u00e9ho \u0159\u00edzen\u00ed na projekt nebo realizaci zak\u00e1zky. Projekty mus\u00ed b\u00fdt p\u0159ed realizac\u00ed p\u0159edstaveny ve\u0159ejnosti.<\/p>\n<p>Snahou Lib\u010dick\u00e9ho ob\u010dansk\u00e9ho spolku LOS je spolupracovat s&nbsp;ostatn\u00edmi volebn\u00edmi subjekty, nab\u00edzet\u00a0konsensu\u00e1ln\u00ed \u0159e\u0161en\u00ed a&nbsp;obyvatele m\u011bsta spojovat. Lib\u010dice z&nbsp;takov\u00e9 spolupr\u00e1ce mohou jen profitovat.\u00a0Nechceme obyvatele rozd\u011blovat, a&nbsp;proto navrhujeme uspo\u0159\u00e1d\u00e1n\u00ed veden\u00ed m\u011bsta odli\u0161n\u00e9 od p\u0159edlo\u017een\u00e9ho\u00a0n\u00e1vrhu a&nbsp;za takovou radnici chceme tak\u00e9 n\u00e9st zodpov\u011bdnost.<\/p>\n<p>N\u00e1vrh sestaven\u00fd na z\u00e1klad\u011b t\u011bchto princip\u016f p\u0159edneseme na st\u0159ede\u010dn\u00edm ustavuj\u00edc\u00edm zastupitelstvu. Pokud nebude p\u0159ijat, z\u016fstaneme v&nbsp;roli opozice, oproti minul\u00e9mu volebn\u00edmu obdob\u00ed ve v\u00fdrazn\u011b siln\u011bj\u0161\u00edm postaven\u00ed. Budeme r\u00e1di, kdy\u017e n\u00e1s p\u0159ijdete podpo\u0159it.<\/p>\n<p>&nbsp;<\/p>\n<\/div>\n","protected":false},"excerpt":{"rendered":"<p>Ve st\u0159edu 31.&nbsp;\u0159\u00edjna 2018 v&nbsp;17 hodin\u00a0p\u0159ij\u010fte do restaurace lib\u010dick\u00e9ho koupali\u0161t\u011b &#8211; bude se zde konat ustavuj\u00edc\u00ed zastupitelstvo, jeho\u017e \u00fakolem je zvolit starostu, m\u00edstostarostu, radu m\u011bsta a&nbsp;\u010dleny finan\u010dn\u00edho a&nbsp;kontroln\u00edho v\u00fdboru. Od voleb ub\u011bhly t\u0159i t\u00fddny, b\u011bhem kter\u00fdch prob\u00edhala koali\u010dn\u00ed vyjedn\u00e1v\u00e1n\u00ed. Doufali jsme, \u017ee v\u00edt\u011bzn\u00fd Lib\u011bhrad v&nbsp;nich uk\u00e1\u017ee svou deklarovanou snahu o&nbsp;\u0161irokou spolupr\u00e1ci v\u0161ech subjekt\u016f, kter\u00e1 by [&hellip;]<\/p>\n","protected":false},"author":3,"featured_media":0,"comment_status":"open","ping_status":"open","sticky":false,"template":"","format":"standard","meta":[],"categories":[4,111],"tags":[960,113,121],"_links":{"self":[{"href":"https:\/\/libcickekrizovatky.cz\/index.php?rest_route=\/wp\/v2\/posts\/20243"}],"collection":[{"href":"https:\/\/libcickekrizovatky.cz\/index.php?rest_route=\/wp\/v2\/posts"}],"about":[{"href":"https:\/\/libcickekrizovatky.cz\/index.php?rest_route=\/wp\/v2\/types\/post"}],"author":[{"embeddable":true,"href":"https:\/\/libcickekrizovatky.cz\/index.php?rest_route=\/wp\/v2\/users\/3"}],"replies":[{"embeddable":true,"href":"https:\/\/libcickekrizovatky.cz\/index.php?rest_route=%2Fwp%2Fv2%2Fcomments&post=20243"}],"version-history":[{"count":17,"href":"https:\/\/libcickekrizovatky.cz\/index.php?rest_route=\/wp\/v2\/posts\/20243\/revisions"}],"predecessor-version":[{"id":20268,"href":"https:\/\/libcickekrizovatky.cz\/index.php?rest_route=\/wp\/v2\/posts\/20243\/revisions\/20268"}],"wp:attachment":[{"href":"https:\/\/libcickekrizovatky.cz\/index.php?rest_route=%2Fwp%2Fv2%2Fmedia&parent=20243"}],"wp:term":[{"taxonomy":"category","embeddable":true,"href":"https:\/\/libcickekrizovatky.cz\/index.php?rest_route=%2Fwp%2Fv2%2Fcategories&post=20243"},{"taxonomy":"post_tag","embeddable":true,"href":"https:\/\/libcickekrizovatky.cz\/index.php?rest_route=%2Fwp%2Fv2%2Ftags&post=20243"}],"curies":[{"name":"wp","href":"https:\/\/api.w.org\/{rel}","templated":true}]}}