{"id":20285,"date":"2018-10-29T23:17:26","date_gmt":"2018-10-29T22:17:26","guid":{"rendered":"http:\/\/libcickekrizovatky.cz\/?p=20285"},"modified":"2018-10-29T23:17:26","modified_gmt":"2018-10-29T22:17:26","slug":"slavnost-barevneho-listi-v-kulisku-libcice","status":"publish","type":"post","link":"https:\/\/libcickekrizovatky.cz\/?p=20285","title":{"rendered":"Slavnost barevn\u00e9ho list\u00ed v&nbsp;Kul\u00ed\u0161ku Lib\u010dice"},"content":{"rendered":"<div style=\"float: left; margin: 10px;\"><a href=\"https:\/\/libcickekrizovatky.cz\/content\/uploads\/2018\/07\/Kulisek.png\"><img loading=\"lazy\" class=\"alignleft wp-image-18974\" src=\"https:\/\/libcickekrizovatky.cz\/content\/uploads\/2018\/07\/Kulisek.png\" alt=\"L\u0160 Kul\u00ed\u0161ek\" width=\"87\" height=\"120\" srcset=\"https:\/\/libcickekrizovatky.cz\/content\/uploads\/2018\/07\/Kulisek.png 314w, https:\/\/libcickekrizovatky.cz\/content\/uploads\/2018\/07\/Kulisek-219x300.png 219w\" sizes=\"(max-width: 87px) 100vw, 87px\" \/><\/a><\/div>\n<p>Kdy\u017e podzim vrchol\u00ed a&nbsp;v&nbsp;lese to vypad\u00e1 jako po&nbsp;explozi barevn\u00e9 palety sk\u0159\u00edtka Podzimn\u00ed\u010dka, maj\u00ed d\u011bti z&nbsp;lesn\u00edho klubu Kul\u00ed\u0161ek Lib\u010dice slavnost. Ta leto\u0161n\u00ed prob\u011bhla v&nbsp;p\u00e1tek 19.&nbsp;\u0159\u00edjna. Kul\u00ed\u0161ek pat\u0159\u00ed do rodiny lesn\u00edch \u0161kolek a&nbsp;klub\u016f a&nbsp;od sv\u00e9ho zalo\u017een\u00ed roku 2014 se zna\u010dn\u011b rozrostl. V&nbsp;sou\u010dasnosti ho tvo\u0159\u00ed 35 d\u011bt\u00ed z&nbsp;30ti rodin, p\u0159ev\u00e1\u017en\u011b z&nbsp;Lib\u010dic a&nbsp;bl\u00edzk\u00e9ho okol\u00ed.<!--more--><\/p>\n<p>Jako ka\u017ed\u00e1 se\u0161lost Kul\u00ed\u0161k\u016f slavnost za\u010dala p\u00edsn\u00ed: Za ruce se pochyt\u00e1me, velk\u00e9 kolo ud\u011bl\u00e1me\u2026 a&nbsp;kolo na slavnosti bylo opravdu velk\u00e9. Napo\u010d\u00edtali jsme celkem cca 70 dosp\u011bl\u00fdch, d\u011bt\u00ed a&nbsp;miminek.<\/p>\n<p>Na \u00favod zazn\u011bla tradi\u010dn\u00ed p\u00edse\u0148 L\u00edste\u010dku dubov\u00fd a&nbsp;pot\u00e9 d\u011bti sv\u00fdm rodi\u010d\u016fm p\u0159edvedli, jak\u00e9 p\u00edsn\u011b se nau\u010dili p\u0159i&nbsp;hudebn\u00edm krou\u017eku Zp\u00edv\u00e1n\u00ed s&nbsp;K\u00e1\u010dou. Zp\u011bv doprov\u00e1zeli hrou na rytmick\u00e9 n\u00e1stroje.<\/p>\n<p><a href=\"https:\/\/libcickekrizovatky.cz\/content\/uploads\/2018\/10\/slavnost-listi.jpg\"><img class=\"alignleft wp-image-20286 size-full\" src=\"https:\/\/libcickekrizovatky.cz\/content\/uploads\/2018\/10\/slavnost-listi.jpg\" alt=\"Kulisek: slavnost listi\" width=\"100%\" srcset=\"https:\/\/libcickekrizovatky.cz\/content\/uploads\/2018\/10\/slavnost-listi.jpg 983w, https:\/\/libcickekrizovatky.cz\/content\/uploads\/2018\/10\/slavnost-listi-300x200.jpg 300w, https:\/\/libcickekrizovatky.cz\/content\/uploads\/2018\/10\/slavnost-listi-768x511.jpg 768w\" sizes=\"(max-width: 983px) 100vw, 983px\" \/><\/a><\/p>\n<p>Po muzic\u00edrov\u00e1n\u00ed u\u017e si ka\u017ed\u00fd mohl vybrat, co by cht\u011bl na slavnosti d\u011blat. V&nbsp;tee pee se s&nbsp;pr\u016fvodkyn\u00ed Evou vyr\u00e1b\u011bla je\u0159abinov\u00e1 srd\u00ed\u010dka, ka\u0161tanov\u00e1 zv\u00ed\u0159\u00e1tka a&nbsp;kor\u00e1le z&nbsp;p\u0159\u00edrodnin. Dal\u0161\u00ed stanovi\u0161t\u011b bylo pro mlsouny \u2013 z&nbsp;j\u00e1hlov\u00e9 hmoty se tvarovaly kuli\u010dky, obalovaly v&nbsp;kokosu a&nbsp;zdobily su\u0161en\u00fdm ovocem. Toto stanovi\u0161t\u011b m\u011bla na starost nov\u00e1 pr\u016fvodkyn\u011b Bar\u010da. Nejak\u010dn\u011bj\u0161\u00ed bylo Dominikovo stanovi\u0161t\u011b s&nbsp;dra\u010d\u00ed honi\u010dkou, kde se d\u011bti honily a&nbsp;kradly si vz\u00e1jemn\u011b dra\u010d\u00ed oc\u00e1sky.<\/p>\n<p>Nejv\u00edc lid\u00ed ale bylo v\u017edy u&nbsp;ohn\u011b. Tam se pov\u00eddalo, op\u00e9kala se jabl\u00ed\u010dka a&nbsp;t\u011bstov\u00ed hadi. Na slavnost dorazili i&nbsp;n\u011bkte\u0159\u00ed absolventi Kul\u00ed\u0161ka, kte\u0159\u00ed u\u017e chod\u00ed do \u0161koly a&nbsp;p\u0159i\u0161li si u\u017e\u00edt sv\u00e9 \u0161kolkov\u00e9 kamar\u00e1dy. Po\u010das\u00ed slavnosti p\u0159\u00e1lo a&nbsp;v\u0161ichni odch\u00e1zeli p\u0159\u00edjemn\u011b nalad\u011bn\u00ed a&nbsp;spokojen\u00ed.  <\/p>\n","protected":false},"excerpt":{"rendered":"<p>Kdy\u017e podzim vrchol\u00ed a&nbsp;v&nbsp;lese to vypad\u00e1 jako po&nbsp;explozi barevn\u00e9 palety sk\u0159\u00edtka Podzimn\u00ed\u010dka, maj\u00ed d\u011bti z&nbsp;lesn\u00edho klubu Kul\u00ed\u0161ek Lib\u010dice slavnost. Ta leto\u0161n\u00ed prob\u011bhla v&nbsp;p\u00e1tek 19.&nbsp;\u0159\u00edjna. Kul\u00ed\u0161ek pat\u0159\u00ed do rodiny lesn\u00edch \u0161kolek a&nbsp;klub\u016f a&nbsp;od sv\u00e9ho zalo\u017een\u00ed roku 2014 se zna\u010dn\u011b rozrostl. V&nbsp;sou\u010dasnosti ho tvo\u0159\u00ed 35 d\u011bt\u00ed z&nbsp;30ti rodin, p\u0159ev\u00e1\u017en\u011b z&nbsp;Lib\u010dic a&nbsp;bl\u00edzk\u00e9ho okol\u00ed.<\/p>\n","protected":false},"author":50,"featured_media":0,"comment_status":"open","ping_status":"open","sticky":false,"template":"","format":"standard","meta":[],"categories":[684],"tags":[73],"_links":{"self":[{"href":"https:\/\/libcickekrizovatky.cz\/index.php?rest_route=\/wp\/v2\/posts\/20285"}],"collection":[{"href":"https:\/\/libcickekrizovatky.cz\/index.php?rest_route=\/wp\/v2\/posts"}],"about":[{"href":"https:\/\/libcickekrizovatky.cz\/index.php?rest_route=\/wp\/v2\/types\/post"}],"author":[{"embeddable":true,"href":"https:\/\/libcickekrizovatky.cz\/index.php?rest_route=\/wp\/v2\/users\/50"}],"replies":[{"embeddable":true,"href":"https:\/\/libcickekrizovatky.cz\/index.php?rest_route=%2Fwp%2Fv2%2Fcomments&post=20285"}],"version-history":[{"count":1,"href":"https:\/\/libcickekrizovatky.cz\/index.php?rest_route=\/wp\/v2\/posts\/20285\/revisions"}],"predecessor-version":[{"id":20287,"href":"https:\/\/libcickekrizovatky.cz\/index.php?rest_route=\/wp\/v2\/posts\/20285\/revisions\/20287"}],"wp:attachment":[{"href":"https:\/\/libcickekrizovatky.cz\/index.php?rest_route=%2Fwp%2Fv2%2Fmedia&parent=20285"}],"wp:term":[{"taxonomy":"category","embeddable":true,"href":"https:\/\/libcickekrizovatky.cz\/index.php?rest_route=%2Fwp%2Fv2%2Fcategories&post=20285"},{"taxonomy":"post_tag","embeddable":true,"href":"https:\/\/libcickekrizovatky.cz\/index.php?rest_route=%2Fwp%2Fv2%2Ftags&post=20285"}],"curies":[{"name":"wp","href":"https:\/\/api.w.org\/{rel}","templated":true}]}}