{"id":20354,"date":"2018-11-27T06:26:47","date_gmt":"2018-11-27T05:26:47","guid":{"rendered":"http:\/\/libcickekrizovatky.cz\/?p=20354"},"modified":"2018-11-27T08:34:31","modified_gmt":"2018-11-27T07:34:31","slug":"na-co-ma-verejnost-pravo-jak-by-se-mely-promenit-libcicke-noviny","status":"publish","type":"post","link":"https:\/\/libcickekrizovatky.cz\/?p=20354","title":{"rendered":"Na co m\u00e1 ve\u0159ejnost pr\u00e1vo: Jak by se m\u011bly prom\u011bnit Lib\u010dick\u00e9 noviny"},"content":{"rendered":"<div style=\"float: left; margin: 10px;\"><a href=\"https:\/\/libcickekrizovatky.cz\/content\/uploads\/2015\/08\/rozhovor-noviny-300x70.jpg\"><img loading=\"lazy\" class=\"alignleft wp-image-6591\" src=\"https:\/\/libcickekrizovatky.cz\/content\/uploads\/2015\/08\/rozhovor-noviny-300x70.jpg\" alt=\"Lib\u010dick\u00e9 noviny\" width=\"300\" height=\"70\" srcset=\"https:\/\/libcickekrizovatky.cz\/content\/uploads\/2015\/08\/rozhovor-noviny-300x70.jpg 300w, https:\/\/libcickekrizovatky.cz\/content\/uploads\/2015\/08\/rozhovor-noviny.jpg 850w\" sizes=\"(max-width: 300px) 100vw, 300px\" \/><\/a><\/div>\n<p>U novin jsem pro\u017eil cel\u00fd sv\u016fj profesn\u00ed \u017eivot. V\u00edce ne\u017e 50 let. Byl jsem \u0161\u00e9fredaktorem nebo \u0159editelem redakc\u00ed n\u011bkolika den\u00edk\u016f. Zem\u011bd\u011blsk\u00fdch novin, Blesku, Lidov\u00fdch a&nbsp;Hospod\u00e1\u0159sk\u00fdch novin. \u0158\u00eddil jsem i&nbsp;t\u00fdden\u00edky jako Reflex, Profit, T\u00fdden\u00edk Televize, Ekonom a&nbsp;dal\u0161\u00ed. Byl jsem gener\u00e1ln\u00edm \u0159editelem nejv\u011bt\u0161\u00ed \u010desk\u00e9 tisk\u00e1rny. \u0160\u00e9foval jsem Unii vydavatel\u016f denn\u00edho tisku. Pro\u010d se t\u00edm vychloub\u00e1m? Abych od\u016fvodnil, pro\u010d c\u00edt\u00edm pr\u00e1vo vyslovovat se k&nbsp;Lib\u010dick\u00fdm novin\u00e1m.<\/p>\n<p><!--more--><\/p>\n<p>V minul\u00e9m obdob\u00ed mne Lib\u010dick\u00fd ob\u010dansk\u00fd spolek (LOS) opakovan\u011b navrhoval do jejich redak\u010dn\u00ed rady. Koalice Lib\u011bhrad-ANO-TOP09 mne v\u017edy odm\u00edtla. Kvalifikace a&nbsp;zku\u0161enosti pro ni asi nebyly dostate\u010dn\u00e9. Nyn\u00ed, jako nov\u011b zvolen\u00fd zastupitel, bych se hodnocen\u00ed Lib\u010dick\u00fdch novin (LN) cht\u011bl v\u011bnovat.<\/p>\n<h3>V radni\u010dn\u00edch novin\u00e1ch b\u011b\u017en\u011b prob\u00edh\u00e1 permanentn\u00ed politick\u00e1 kampa\u0148<\/h3>\n<p><em>\u201eRadni\u010dn\u00ed noviny jsou vyd\u00e1v\u00e1ny za ve\u0159ejn\u00e9 pen\u00edze a&nbsp;pod ve\u0159ejnou autoritou. P\u0159itom jejich obsah b\u00fdv\u00e1 \u010dasto ovliv\u0148ov\u00e1n ve prosp\u011bch aktu\u00e1ln\u00edho veden\u00ed samospr\u00e1vy, kter\u00e1 m\u00e1 vyd\u00e1v\u00e1n\u00ed periodika na starost. V\u00fdsledkem je, \u017ee m\u00edsto toho, aby p\u0159in\u00e1\u0161ely objektivn\u00ed a&nbsp;n\u00e1zorov\u011b vyv\u00e1\u017een\u00e9 informace o&nbsp;m\u00edstn\u00edch z\u00e1le\u017eitostech, slou\u017e\u00ed sp\u00ed\u0161e jako hl\u00e1sn\u00e1 trouba pro skrytou politickou kampa\u0148 veden\u00ed samospr\u00e1vy a&nbsp;o\u010der\u0148ov\u00e1n\u00ed opozice. T\u00edm doch\u00e1z\u00ed nejen k&nbsp;neleg\u00e1ln\u00edmu financov\u00e1n\u00ed permanentn\u00ed politick\u00e9 kampan\u011b, ale tak\u00e9 k&nbsp;naru\u0161ov\u00e1n\u00ed rovn\u00e9 politick\u00e9 sout\u011b\u017ee m\u00edstn\u00edch politick\u00fdch uskupen\u00ed.<\/em><br \/>\n<em>Radni\u010dn\u00ed noviny slou\u017e\u00ed hlavn\u011b politik\u016fm. P\u0159ed volbami nab\u00eddly p\u0159edev\u0161\u00edm propagaci politick\u00fdch \u00fasp\u011bch\u016f.\u201c<\/em><\/p>\n<p>To je z\u00e1v\u011br obsahov\u00e9 anal\u00fdzy 65 radni\u010dn\u00edch novin \u010desk\u00fdch m\u011bst, kterou zpracoval spolek O\u017eiven\u00ed a&nbsp;zve\u0159ejnil 17.&nbsp;10.&nbsp;2018; zpr\u00e1va je k&nbsp;dispozici <span style=\"text-decoration: underline;\"><a href=\"https:\/\/www.oziveni.cz\/2018\/10\/radnicni-noviny-slouzi-hlavne-politikum-pred-volbami-nabidli-predevsim-propagaci-jejich-politickych-uspechu\/\">na webov\u00fdch str\u00e1nk\u00e1ch spolku<\/a><\/span>. Uk\u00e1zalo se, \u017ee zkouman\u00e1 periodika byla p\u0159ed volbami, a\u017e na v\u00fdjimky, poplatn\u00e1 m\u00edstn\u00edmu politick\u00e9mu veden\u00ed. O\u017eiven\u00ed, kter\u00e9 se t\u00e9to problematice systematicky v\u011bnuje, konstatovalo \u017ee radni\u010dn\u00edm novin\u00e1m se jen v\u00fdjime\u010dn\u011b da\u0159ilo napl\u0148ovat jejich roli ve\u0159ejnopr\u00e1vn\u00edho m\u00e9dia na m\u00edstn\u00ed \u00farovni.<\/p>\n<h3>Od roku 2014 do\u0161lo ke zhor\u0161en\u00ed<\/h3>\n<p>Oproti p\u0159edchoz\u00edmu pr\u016fzkumu z&nbsp;roku 2014 jsou leto\u0161n\u00ed v\u00fdsledky hor\u0161\u00ed. <em>\u201eVe srovn\u00e1n\u00ed se situac\u00ed p\u0159ed komun\u00e1ln\u00edmi volbami r. 2014 v&nbsp;novin\u00e1ch ubylo kritick\u00fdch hlas\u016f i&nbsp;informac\u00ed o&nbsp;budouc\u00edch rozhodnut\u00edch\u201c<\/em>, konstatuje se ve zpr\u00e1v\u011b. Alespo\u0148 minim\u00e1ln\u00ed prostor pro alternativn\u00ed n\u00e1zory poskytla v\u011bt\u0161ina radni\u010dn\u00edch novin (77%), ale op\u011bt v&nbsp;men\u0161\u00ed m\u00ed\u0159e ne\u017e p\u0159ed \u010dty\u0159mi roky. Tak\u00e9 porovn\u00e1n\u00ed 33 m\u011bst, kter\u00e1 byla p\u0159edm\u011btem hodnocen\u00ed v. r. 2014 i&nbsp;nyn\u00ed, potvrdilo sestupnou tendenci v&nbsp;n\u00e1zorov\u00e9 pestrosti obsahu.<\/p>\n<p>\u0160patn\u00e9 v\u00fdsledky byly rovn\u011b\u017e zji\u0161t\u011bny, pokud jde o&nbsp;poskytov\u00e1n\u00ed informac\u00ed o&nbsp;budouc\u00edch rozhodnut\u00edch. Tedy takov\u00fdch, kter\u00e1 je\u0161t\u011b maj\u00ed ob\u010dan\u00e9 \u0161anci ovlivnit. Jde nap\u0159\u00edklad o&nbsp;diskusi o&nbsp;participativn\u00edm rozpo\u010dtu, diskusi o&nbsp;\u00fazemn\u00edch zm\u011bn\u00e1ch. Oproti roku 2014 klesla plocha s&nbsp;t\u011bmito informacemi na polovinu, a&nbsp;t\u00edm se zapojen\u00ed ob\u010dan\u016f do m\u00edstn\u00edho d\u011bn\u00ed omezilo.<\/p>\n<div class=\"alert alert-info\">\n<h5 style=\"padding-left: 30px;\">\u00a7 4a Sd\u011blen\u00ed v&nbsp;periodick\u00e9m tisku \u00fazemn\u00edho samospr\u00e1vn\u00e9ho celku<\/h5>\n<p style=\"padding-left: 30px;\">Vydavatel periodick\u00e9ho tisku \u00fazemn\u00edho samospr\u00e1vn\u00e9ho celku je povinen poskytovat\u00a0objektivn\u00ed a&nbsp;vyv\u00e1\u017een\u00e9 informace o&nbsp;\u00fazemn\u00edm samospr\u00e1vn\u00e9m celku a&nbsp;poskytnout p\u0159im\u011b\u0159en\u00fd prostor pro uve\u0159ejn\u011bn\u00ed sd\u011blen\u00ed, kter\u00e9 vyjad\u0159uje n\u00e1zory \u010dlen\u016f zastupitelstva \u00fazemn\u00edho samospr\u00e1vn\u00e9ho celku, t\u00fdkaj\u00edc\u00ed se tohoto \u00fazemn\u00edho samospr\u00e1vn\u00e9ho celku.<i><br \/>\n<\/i>Tiskov\u00fd z\u00e1kon 46\/2000 Sb. po&nbsp;novelizaci 2013<\/p>\n<\/div>\n<p><em>\u201cV\u00fdsledky jasn\u011b ukazuj\u00ed, \u017ee radni\u010dn\u00ed noviny v\u011bt\u0161inou st\u00e1le nepln\u00ed svoji funkci a&nbsp;rozhodn\u011b nemohou slou\u017eit ob\u010dan\u016fm p\u0159ed volbami jako objektivn\u00ed zdroj informac\u00ed o&nbsp;pr\u00e1ci politik\u016f. Neda\u0159\u00ed se tak\u00e9 zamezit jejich zneu\u017e\u00edv\u00e1n\u00ed pro nekritickou prezentaci pr\u00e1ce veden\u00ed m\u011bsta, co\u017e mohlo naru\u0161it rovnost politick\u00e9 sout\u011b\u017ee p\u0159ed volbami.\u201d<\/em> zhodnotil v\u00fdsledky Martin Kamen\u00edk, p\u0159edseda O\u017eiven\u00ed.<\/p>\n<p><em>\u201cVeden\u00ed radnice se m\u016f\u017ee zasadit o&nbsp;syst\u00e9mov\u00e9 kroky, kter\u00e9 budou br\u00e1nit vyu\u017e\u00edv\u00e1n\u00ed periodik pro vlastn\u00ed propagaci. Prvn\u00edm takov\u00fdm krokem je omezen\u00ed st\u0159etu z\u00e1jmu v&nbsp;redak\u010dn\u00edch rad\u00e1ch \u2013 nap\u0159\u00edklad p\u0159enech\u00e1n\u00ed dohledu nad periodikem zastupitelstvu. Druh\u00fdm krokem je po\u017eadavek na profesion\u00e1ln\u00ed redaktorskou pr\u00e1ci v&nbsp;t\u011bchto novin\u00e1ch,<\/em>\u201d \u0159ekla \u0160\u00e1rka Trunk\u00e1tov\u00e1, analyti\u010dka O\u017eiven\u00ed.<\/p>\n<h3>Jak jsou na tom na\u0161e obecn\u00ed noviny?<\/h3>\n<p><img loading=\"lazy\" class=\"alignleft size-medium wp-image-3118\" src=\"https:\/\/libcickekrizovatky.cz\/content\/uploads\/2015\/01\/Libcicke-noviny-300x99.jpg\" alt=\"Lib\u010dick\u00e9 noviny\" width=\"300\" height=\"99\" srcset=\"https:\/\/libcickekrizovatky.cz\/content\/uploads\/2015\/01\/Libcicke-noviny-300x99.jpg 300w, https:\/\/libcickekrizovatky.cz\/content\/uploads\/2015\/01\/Libcicke-noviny.jpg 1024w\" sizes=\"(max-width: 300px) 100vw, 300px\" \/><br \/>\nNech\u00e1v\u00e1m na posouzen\u00ed laskav\u00fdch \u010dten\u00e1\u0159\u016f, aby usoudili, do jak\u00e9 m\u00edry toto nelichotiv\u00e9 hodnocen\u00ed plat\u00ed i&nbsp;pro Lib\u010dick\u00e9 noviny. Je v&nbsp;nich mnoho u\u017eite\u010dn\u00fdch informac\u00ed. Ale z\u00e1rove\u0148 jsou LN nevyv\u00e1\u017een\u00e9, neuspo\u0159\u00e1dan\u00e9, nahodil\u00e9. Chyb\u00ed jim invence. Obsahuj\u00ed p\u0159\u00edli\u0161 mnoho balastn\u00edch materi\u00e1l\u016f, tzv.&nbsp;vaty, kter\u00e1 m\u00e1 malou informa\u010dn\u00ed hodnotu. Grafika je \u0161patn\u00e1.<\/p>\n<p>Osobn\u011b se domn\u00edv\u00e1m, \u017ee redakce by m\u011bla sama iniciativn\u011b vytv\u00e1\u0159et kvalitn\u00ed a&nbsp;vyv\u00e1\u017een\u00fd obsah novin.\u00a0LN maj\u00ed sv\u016fj ofici\u00e1ln\u00ed Statut, kter\u00fd je k&nbsp;dispozici na webov\u00fdch str\u00e1nk\u00e1ch m\u011bsta. V&nbsp;samotn\u00e9m statutu z\u00e1sadn\u00ed probl\u00e9m nen\u00ed. Pot\u00ed\u017e je v&nbsp;jeho praktick\u00e9m napl\u0148ov\u00e1n\u00ed, v&nbsp;tom, \u017ee co je proklamov\u00e1no, nen\u00ed v&nbsp;b\u011b\u017en\u00e9m provozu napln\u011bno. Rada m\u011bsta m\u00e1 nadm\u011brn\u00fd form\u00e1ln\u00ed i&nbsp;neform\u00e1ln\u00ed vliv na podobu novin. N\u011bkter\u00e9 pravomoci by se tedy m\u011bly p\u0159esunout do \u0161ir\u0161\u00edho pl\u00e9na \u2013 na zastupitelstvo.<\/p>\n<h3>Lib\u010dick\u00e9 noviny jsou pro v\u0161echny za pen\u00edze v\u0161ech<\/h3>\n<p>Noviny nemaj\u00ed b\u00fdt jednosm\u011brn\u00e9. Slou\u017eit nemohou jen ke sd\u011blov\u00e1n\u00ed informac\u00ed z&nbsp;radnice (respektive z&nbsp;\u010d\u00e1sti radnice) sm\u011brem k&nbsp;obyvatel\u016fm. M\u011bly by zachycovat spektrum n\u00e1zor\u016f v\u0161ech stran a&nbsp;hnut\u00ed zasedaj\u00edc\u00edch v&nbsp;zastupitelstvu, ale rovn\u011b\u017e by m\u011bly veden\u00ed m\u011bsta a&nbsp;zastupitelstvu poskytovat velmi silnou zp\u011btnou vazbu a&nbsp;zprost\u0159edkov\u00e1vat n\u00e1zory a&nbsp;postoje obyvatel m\u011bsta k&nbsp;zdej\u0161\u00edmu aktu\u00e1ln\u00edmu d\u011bn\u00ed. Nelze ov\u0161em vy\u010dk\u00e1vat, a\u017e takov\u00e9 p\u0159\u00edsp\u011bvky samotokem do novin doraz\u00ed. Redakce a&nbsp;redak\u010dn\u00ed rada mus\u00ed pro tyto materi\u00e1ly vytvo\u0159it prostor, m\u011bly by je inspirovat a&nbsp;organizovat. Aktivn\u011b informovat o&nbsp;n\u00e1zorov\u00e9m spektru. Veden\u00ed m\u011bsta takov\u00e9 n\u00e1zory ov\u0161em nesm\u00ed bagatelizovat, nebo dokonce jejich pisatele zesm\u011b\u0161\u0148ovat \u010di&nbsp;han\u011bt. Pokud veden\u00ed radnice komentuje p\u0159\u00edsp\u011bvky, je nutn\u00e9 d\u00e1t stejnou mo\u017enost opozici.<\/p>\n<p>Lib\u010dick\u00e9 noviny jsou pro v\u0161echny a&nbsp;za pen\u00edze v\u0161ech. Je to, jak \u0159e\u010deno, ve\u0159ejnopr\u00e1vn\u00ed m\u00e9dium. Ve\u0159ejnopr\u00e1vn\u00ed je to na co m\u00e1 ve\u0159ejnost pr\u00e1vo. Tak se mus\u00ed LN koncipovat.<\/p>\n<p style=\"text-align: right;\">PhDr. Petr Sch\u00f6nfeld,<br \/>\nzastupitel LOS<\/p>\n","protected":false},"excerpt":{"rendered":"<p>U novin jsem pro\u017eil cel\u00fd sv\u016fj profesn\u00ed \u017eivot. V\u00edce ne\u017e 50 let. Byl jsem \u0161\u00e9fredaktorem nebo \u0159editelem redakc\u00ed n\u011bkolika den\u00edk\u016f. Zem\u011bd\u011blsk\u00fdch novin, Blesku, Lidov\u00fdch a&nbsp;Hospod\u00e1\u0159sk\u00fdch novin. \u0158\u00eddil jsem i&nbsp;t\u00fdden\u00edky jako Reflex, Profit, T\u00fdden\u00edk Televize, Ekonom a&nbsp;dal\u0161\u00ed. Byl jsem gener\u00e1ln\u00edm \u0159editelem nejv\u011bt\u0161\u00ed \u010desk\u00e9 tisk\u00e1rny. \u0160\u00e9foval jsem Unii vydavatel\u016f denn\u00edho tisku. Pro\u010d se t\u00edm vychloub\u00e1m? Abych od\u016fvodnil, [&hellip;]<\/p>\n","protected":false},"author":15,"featured_media":0,"comment_status":"open","ping_status":"open","sticky":false,"template":"","format":"standard","meta":[],"categories":[4],"tags":[],"_links":{"self":[{"href":"https:\/\/libcickekrizovatky.cz\/index.php?rest_route=\/wp\/v2\/posts\/20354"}],"collection":[{"href":"https:\/\/libcickekrizovatky.cz\/index.php?rest_route=\/wp\/v2\/posts"}],"about":[{"href":"https:\/\/libcickekrizovatky.cz\/index.php?rest_route=\/wp\/v2\/types\/post"}],"author":[{"embeddable":true,"href":"https:\/\/libcickekrizovatky.cz\/index.php?rest_route=\/wp\/v2\/users\/15"}],"replies":[{"embeddable":true,"href":"https:\/\/libcickekrizovatky.cz\/index.php?rest_route=%2Fwp%2Fv2%2Fcomments&post=20354"}],"version-history":[{"count":22,"href":"https:\/\/libcickekrizovatky.cz\/index.php?rest_route=\/wp\/v2\/posts\/20354\/revisions"}],"predecessor-version":[{"id":20581,"href":"https:\/\/libcickekrizovatky.cz\/index.php?rest_route=\/wp\/v2\/posts\/20354\/revisions\/20581"}],"wp:attachment":[{"href":"https:\/\/libcickekrizovatky.cz\/index.php?rest_route=%2Fwp%2Fv2%2Fmedia&parent=20354"}],"wp:term":[{"taxonomy":"category","embeddable":true,"href":"https:\/\/libcickekrizovatky.cz\/index.php?rest_route=%2Fwp%2Fv2%2Fcategories&post=20354"},{"taxonomy":"post_tag","embeddable":true,"href":"https:\/\/libcickekrizovatky.cz\/index.php?rest_route=%2Fwp%2Fv2%2Ftags&post=20354"}],"curies":[{"name":"wp","href":"https:\/\/api.w.org\/{rel}","templated":true}]}}