{"id":20374,"date":"2018-11-09T11:40:31","date_gmt":"2018-11-09T10:40:31","guid":{"rendered":"http:\/\/libcickekrizovatky.cz\/?p=20374"},"modified":"2018-11-09T11:40:31","modified_gmt":"2018-11-09T10:40:31","slug":"libehrad-si-odhlasoval-klid-na-klidek","status":"publish","type":"post","link":"https:\/\/libcickekrizovatky.cz\/?p=20374","title":{"rendered":"Lib\u011bhrad si odhlasoval klid na kl\u00eddek"},"content":{"rendered":"<div style=\"float: right; margin: 10px;\"><a href=\"https:\/\/libcickekrizovatky.cz\/content\/uploads\/2018\/11\/Psi_hlava.jpg\"><img loading=\"lazy\" class=\"alignleft wp-image-20337\" src=\"https:\/\/libcickekrizovatky.cz\/content\/uploads\/2018\/11\/Psi_hlava.jpg\" alt=\"Ps\u00ed hlava\" width=\"244\" height=\"208\" \/><\/a><\/div>\n<p>P\u0159ed \u010dty\u0159mi roky jsem na slavnostn\u00edm ustavuj\u00edc\u00edm zased\u00e1n\u00ed lib\u010dick\u00e9ho zastupitelstva gratuloval zvolen\u00e9mu starostovi. Zprvu mne \u0161patn\u011b pochopil. Ne\u0161lo o&nbsp;gratulaci ke zvolen\u00ed, \u0161lo o&nbsp;gratulaci k&nbsp;tomu, \u017ee dostal dal\u0161\u00ed \u010dty\u0159i roky k&nbsp;tomu, aby pochopil, co je to demokracie. Vym\u011b\u0159en\u00fd \u010das uplynul a&nbsp;je mo\u017en\u00e9 bilancovat. Je to jednoduch\u00e9. Starosta nepochopil.<\/p>\n<p><!--more--><\/p>\n<p>Jinak by toti\u017e nemohl inscenovat p\u0159edstaven\u00ed, kter\u00e9 se odehr\u00e1lo na koupali\u0161ti ve st\u0159edu 31.&nbsp;\u0159\u00edjna 2018 p\u0159i&nbsp;dal\u0161\u00edm ustavuj\u00edc\u00edm zased\u00e1n\u00ed zastupitelstva m\u011bsta. Rozd\u00edl oproti tomu minul\u00e9mu byl jen v&nbsp;tom, \u017ee d\u00edky hlas\u016fm voli\u010d\u016f opozice notn\u011b zes\u00edlila. Zat\u00edmco v&nbsp;minulosti disponovala jen \u0161esti mand\u00e1ty z&nbsp;celkov\u00fdch patn\u00e1cti, dnes je rozd\u00edl jedin\u00e9ho mand\u00e1tu. Vl\u00e1dnout v&nbsp;takov\u00e9 situaci je hodn\u011b nepohodln\u00e9. Uv\u00e1\u017eliv\u00fd politik by hledal s&nbsp;protistranou dohodu. V&nbsp;z\u00e1jmu obce. Oslaben\u00fd v\u00edt\u011bz voleb v\u0161ak v&nbsp;Lib\u010dic\u00edch zvolil, tak jako v\u017edy v&nbsp;minulosti, konfronta\u010dn\u00ed styl. Rozd\u00edl jedin\u00e9ho mand\u00e1tu p\u0159etavil v&nbsp;tot\u00e1ln\u00ed nadvl\u00e1du a&nbsp;opozici nep\u0159iznal ani to, co je demokratick\u00fdm zvykem a&nbsp;politickou slu\u0161nost\u00ed. Tedy mo\u017enost kontroly rozhodov\u00e1n\u00ed.<\/p>\n<h3>Opozici nebyla op\u011bt sv\u011b\u0159ena \u017e\u00e1dn\u00e1 pravomoc<\/h3>\n<p>V nejvy\u0161\u0161\u00edm veden\u00ed m\u011bsta nen\u00ed z&nbsp;opozice nikdo. V&nbsp;rad\u011b m\u011bsta rovn\u011b\u017e nikdo. Finan\u010dn\u00ed a&nbsp;kontroln\u00ed v\u00fdbor vedou z\u00e1stupci koalice, kter\u00e1 v&nbsp;nich m\u00e1 v\u011bt\u0161inu. Bude tak kontrolovat sama sebe.<\/p>\n<p>Ka\u017ed\u00fd, kdo na ustavuj\u00edc\u00edm zased\u00e1n\u00ed byl, potvrd\u00ed, \u017ee toto v\u0161e se odehr\u00e1lo ve zjevn\u00e9 a&nbsp;usilovn\u00e9 re\u017eii staronov\u00e9ho starosty, kter\u00e9mu se ob\u010das neda\u0159ilo skr\u00fdvat osobn\u00ed antipatie. To nen\u00ed ostatn\u011b nic nov\u00e9ho. Kdo \u010dte Lib\u010dick\u00e9 noviny, v\u00ed, \u017ee tento postoj je t\u00edm, co charakterizovalo uplynul\u00e9 funk\u010dn\u00ed obdob\u00ed. Opozici se tu trvale nasazovala ps\u00ed hlava, nej\u010dast\u011bji s&nbsp;t\u00edm, \u017ee ni\u010d\u00ed pr\u00e1ci osv\u00edcen\u00e9ho veden\u00ed a&nbsp;zejm\u00e9na klid na n\u00ed. To, co opozice naru\u0161uje, nen\u00ed ov\u0161em klid na pr\u00e1ci, ale jen pohodln\u00fd kl\u00eddek, kter\u00fd rozvoji m\u011bsta bezesporu neprosp\u00edv\u00e1.<\/p>\n<p style=\"text-align: right;\"><em>Petr Sch\u00f6nfeld,<\/em><br \/>\n<em>zastupitel za LOS &#8211; Lib\u010dick\u00fd ob\u010dansk\u00fd spolek<\/em><\/p>\n","protected":false},"excerpt":{"rendered":"<p>P\u0159ed \u010dty\u0159mi roky jsem na slavnostn\u00edm ustavuj\u00edc\u00edm zased\u00e1n\u00ed lib\u010dick\u00e9ho zastupitelstva gratuloval zvolen\u00e9mu starostovi. Zprvu mne \u0161patn\u011b pochopil. Ne\u0161lo o&nbsp;gratulaci ke zvolen\u00ed, \u0161lo o&nbsp;gratulaci k&nbsp;tomu, \u017ee dostal dal\u0161\u00ed \u010dty\u0159i roky k&nbsp;tomu, aby pochopil, co je to demokracie. Vym\u011b\u0159en\u00fd \u010das uplynul a&nbsp;je mo\u017en\u00e9 bilancovat. Je to jednoduch\u00e9. Starosta nepochopil.<\/p>\n","protected":false},"author":15,"featured_media":0,"comment_status":"open","ping_status":"open","sticky":false,"template":"","format":"standard","meta":[],"categories":[4,111],"tags":[82,960,967,95,113,966,121],"_links":{"self":[{"href":"https:\/\/libcickekrizovatky.cz\/index.php?rest_route=\/wp\/v2\/posts\/20374"}],"collection":[{"href":"https:\/\/libcickekrizovatky.cz\/index.php?rest_route=\/wp\/v2\/posts"}],"about":[{"href":"https:\/\/libcickekrizovatky.cz\/index.php?rest_route=\/wp\/v2\/types\/post"}],"author":[{"embeddable":true,"href":"https:\/\/libcickekrizovatky.cz\/index.php?rest_route=\/wp\/v2\/users\/15"}],"replies":[{"embeddable":true,"href":"https:\/\/libcickekrizovatky.cz\/index.php?rest_route=%2Fwp%2Fv2%2Fcomments&post=20374"}],"version-history":[{"count":6,"href":"https:\/\/libcickekrizovatky.cz\/index.php?rest_route=\/wp\/v2\/posts\/20374\/revisions"}],"predecessor-version":[{"id":20381,"href":"https:\/\/libcickekrizovatky.cz\/index.php?rest_route=\/wp\/v2\/posts\/20374\/revisions\/20381"}],"wp:attachment":[{"href":"https:\/\/libcickekrizovatky.cz\/index.php?rest_route=%2Fwp%2Fv2%2Fmedia&parent=20374"}],"wp:term":[{"taxonomy":"category","embeddable":true,"href":"https:\/\/libcickekrizovatky.cz\/index.php?rest_route=%2Fwp%2Fv2%2Fcategories&post=20374"},{"taxonomy":"post_tag","embeddable":true,"href":"https:\/\/libcickekrizovatky.cz\/index.php?rest_route=%2Fwp%2Fv2%2Ftags&post=20374"}],"curies":[{"name":"wp","href":"https:\/\/api.w.org\/{rel}","templated":true}]}}