{"id":20439,"date":"2018-11-20T14:15:36","date_gmt":"2018-11-20T13:15:36","guid":{"rendered":"http:\/\/libcickekrizovatky.cz\/?p=20439"},"modified":"2018-11-23T14:41:42","modified_gmt":"2018-11-23T13:41:42","slug":"kotelna-ziskala-oceneni-v-ramci-ceske-ceny-za-architekturu-2018","status":"publish","type":"post","link":"https:\/\/libcickekrizovatky.cz\/?p=20439","title":{"rendered":"Kotelna z\u00edskala jedno z&nbsp;hlavn\u00edch ocen\u011bn\u00ed v&nbsp;r\u00e1mci \u010cesk\u00e9 ceny za architekturu 2018"},"content":{"rendered":"<div style=\"float: right; margin: 10px;\"><a href=\"https:\/\/libcickekrizovatky.cz\/content\/uploads\/2017\/10\/22538667_1459258014157253_3876909465651362648_o-300x200.jpg\"><img loading=\"lazy\" class=\"alignleft wp-image-20337\" src=\"https:\/\/libcickekrizovatky.cz\/content\/uploads\/2017\/10\/22538667_1459258014157253_3876909465651362648_o-300x200.jpg\" alt=\"Kotelna, uheln\u00fd ml\u00fdn. Foto: Andrea Thiel Lhot\u00e1kov\u00e1\" width=\"210\" height=\"129\" \/><\/a><\/div>\n<p>19.&nbsp;listopadu se v&nbsp;Pra\u017esk\u00e9m Foru Karl\u00edn rozd\u011blovaly ceny za \u010deskou architekturu, sout\u011b\u017ee, kterou vyhla\u0161uje \u010cesk\u00e1 komora architekt\u016f. Do leto\u0161n\u00ed sout\u011b\u017ee bylo p\u0159ihl\u00e1\u0161eno 145\u00a0d\u011bl dokon\u010den\u00fdch v&nbsp;posledn\u00edch p\u011bti letech. 33 z&nbsp;nich bylo p\u0159ednominov\u00e1no do fin\u00e1le, osm finalist\u016f si na z\u00e1v\u011bre\u010dn\u00fd verdikt po\u010dkalo do pond\u011bln\u00edho ve\u010dera.<!--more--><\/p>\n<p>Hlavn\u00ed cenu letos z\u00edskala novostavba administrativn\u00ed budovy spole\u010dnosti Beton Stran\u010dice, kterou navrhl architekt David Leva\u010dka Kraus. Vedle hlavn\u00edch cen a&nbsp;\u010destn\u00fdch ocen\u011bn\u00ed se v&nbsp;sout\u011b\u017ei t\u00e9\u017e ud\u011bluj\u00ed ceny partner\u016f (Ministerstva pr\u016fmyslu \u010cR, Ministerstva pro m\u00edstn\u00ed rozvoj \u010cR,\u00a0Agentury ochrany p\u0159\u00edrody a&nbsp;krajiny \u010cR a&nbsp;spole\u010dnosti VELUX). A&nbsp;cena prvn\u00edho ze jmenovan\u00fdch partner\u016f m\u00ed\u0159\u00ed do Lib\u010dic:<\/p>\n<p><em>&#8220;Cena Ministerstva pr\u016fmyslu a&nbsp;obchodu \u010cR za p\u0159\u00edstup k\u00a0revitalizaci pr\u016fmyslov\u00e9ho objektu pat\u0159\u00ed Koteln\u011b\u00a0Lib\u010dice nad Vltavou (Atelier Hoffman, 2017). Ministerstvo vyzdvihlo, \u017ee autor pochopil v\u00fdjime\u010dnost m\u00edsta \u2013 are\u00e1l b\u00fdval\u00fdch \u0161roub\u00e1ren v\u00a0Lib\u010dic\u00edch nad Vltavou o&nbsp;rozloze 17 ha, a&nbsp;\u201ez hromady sut\u011b a&nbsp;popela\u201c vydobyl prozat\u00edm dv\u011b stavby. Rekonstrukc\u00ed Uheln\u00e9ho ml\u00fdna vznikl showroom designov\u00fdch v\u00fdrobk\u016f a&nbsp;konverz\u00ed dvou objekt\u016f Kotelny se poda\u0159ilo vytvo\u0159it multifunk\u010dn\u00ed prostor ur\u010den\u00fd pro \u017eiv\u00e9 um\u011bn\u00ed, \u0159emesla a&nbsp;inovativn\u00ed technologie i&nbsp;spole\u010densk\u00e9 akce. Citliv\u00e1 rekonstrukce je n\u00e1sledov\u00e1n\u00ed hodn\u00fdm p\u0159\u00edkladem nakl\u00e1d\u00e1n\u00ed s\u00a0pr\u016fmyslov\u00fdm d\u011bdictv\u00edm.&#8221;<\/em><\/p>\n<p>Za rekonstrukci vedle stoj\u00edc\u00ed stavby Uheln\u00e9ho ml\u00fdna z\u00edskal architekt v&nbsp;roce 2013 ocen\u011bn\u00ed\u00a0<a href=\"https:\/\/www.cka.cz\/cs\/svet-architektury\/seznam-architektu\/ing-arch-hoffman-patrik\/uhelny-mlyn\">Grand Prix architekt\u016f 2013<\/a>.<\/p>\n<p>Autor\u016fm <a href=\"https:\/\/ceskacenazaarchitekturu.cz\/projekty\/2018\/kotelna-libcice-nad-vltavou\/?nominace=1\">rekonstrukce <\/a>(Ing. arch. Patrik Hoffman, Ing. arch. Simona Ben\u00e1tsk\u00e1 a&nbsp;kolektiv) up\u0159\u00edmn\u011b blahop\u0159ejeme k&nbsp;\u00fasp\u011bchu a&nbsp;p\u0159ejeme mnoho el\u00e1nu do dal\u0161\u00edch aktivit nejen u&nbsp;n\u00e1s ve m\u011bst\u011b!<\/p>\n<blockquote data-secret=\"yt8mziCpc6\" class=\"wp-embedded-content\"><p><a href=\"http:\/\/artalk.cz\/2018\/11\/20\/tz-administrativni-budova-ve-strancicich-vitezem-ceske-ceny-za-architekturu-2018\/\">TZ: Administrativn\u00ed budova ve Stran\u010dic\u00edch v\u00edt\u011bzem \u010cesk\u00e9 ceny za architekturu 2018<\/a><\/p><\/blockquote>\n<p><iframe class=\"wp-embedded-content\" sandbox=\"allow-scripts\" security=\"restricted\" style=\"position: absolute; clip: rect(1px, 1px, 1px, 1px);\" src=\"http:\/\/artalk.cz\/2018\/11\/20\/tz-administrativni-budova-ve-strancicich-vitezem-ceske-ceny-za-architekturu-2018\/embed\/#?secret=yt8mziCpc6\" data-secret=\"yt8mziCpc6\" width=\"500\" height=\"282\" title=\"&#8222;TZ: Administrativn\u00ed budova ve Stran\u010dic\u00edch v\u00edt\u011bzem \u010cesk\u00e9 ceny za architekturu 2018&#8220; &#8212; Artalk.cz\" frameborder=\"0\" marginwidth=\"0\" marginheight=\"0\" scrolling=\"no\"><\/iframe>  <\/p>\n","protected":false},"excerpt":{"rendered":"<p>19.&nbsp;listopadu se v&nbsp;Pra\u017esk\u00e9m Foru Karl\u00edn rozd\u011blovaly ceny za \u010deskou architekturu, sout\u011b\u017ee, kterou vyhla\u0161uje \u010cesk\u00e1 komora architekt\u016f. Do leto\u0161n\u00ed sout\u011b\u017ee bylo p\u0159ihl\u00e1\u0161eno 145\u00a0d\u011bl dokon\u010den\u00fdch v&nbsp;posledn\u00edch p\u011bti letech. 33 z&nbsp;nich bylo p\u0159ednominov\u00e1no do fin\u00e1le, osm finalist\u016f si na z\u00e1v\u011bre\u010dn\u00fd verdikt po\u010dkalo do pond\u011bln\u00edho ve\u010dera.<\/p>\n","protected":false},"author":10,"featured_media":0,"comment_status":"open","ping_status":"open","sticky":false,"template":"","format":"standard","meta":[],"categories":[1],"tags":[],"_links":{"self":[{"href":"https:\/\/libcickekrizovatky.cz\/index.php?rest_route=\/wp\/v2\/posts\/20439"}],"collection":[{"href":"https:\/\/libcickekrizovatky.cz\/index.php?rest_route=\/wp\/v2\/posts"}],"about":[{"href":"https:\/\/libcickekrizovatky.cz\/index.php?rest_route=\/wp\/v2\/types\/post"}],"author":[{"embeddable":true,"href":"https:\/\/libcickekrizovatky.cz\/index.php?rest_route=\/wp\/v2\/users\/10"}],"replies":[{"embeddable":true,"href":"https:\/\/libcickekrizovatky.cz\/index.php?rest_route=%2Fwp%2Fv2%2Fcomments&post=20439"}],"version-history":[{"count":11,"href":"https:\/\/libcickekrizovatky.cz\/index.php?rest_route=\/wp\/v2\/posts\/20439\/revisions"}],"predecessor-version":[{"id":20534,"href":"https:\/\/libcickekrizovatky.cz\/index.php?rest_route=\/wp\/v2\/posts\/20439\/revisions\/20534"}],"wp:attachment":[{"href":"https:\/\/libcickekrizovatky.cz\/index.php?rest_route=%2Fwp%2Fv2%2Fmedia&parent=20439"}],"wp:term":[{"taxonomy":"category","embeddable":true,"href":"https:\/\/libcickekrizovatky.cz\/index.php?rest_route=%2Fwp%2Fv2%2Fcategories&post=20439"},{"taxonomy":"post_tag","embeddable":true,"href":"https:\/\/libcickekrizovatky.cz\/index.php?rest_route=%2Fwp%2Fv2%2Ftags&post=20439"}],"curies":[{"name":"wp","href":"https:\/\/api.w.org\/{rel}","templated":true}]}}