{"id":20606,"date":"2018-12-09T23:49:43","date_gmt":"2018-12-09T22:49:43","guid":{"rendered":"http:\/\/libcickekrizovatky.cz\/?p=20606"},"modified":"2018-12-10T21:54:02","modified_gmt":"2018-12-10T20:54:02","slug":"rieger-nebo-babinsky-babis-nebo-kajinek-kdo-se-nam-zachova","status":"publish","type":"post","link":"https:\/\/libcickekrizovatky.cz\/?p=20606","title":{"rendered":"Rieger, nebo Babinsk\u00fd? Babi\u0161, nebo Kaj\u00ednek? Kdo se n\u00e1m zachov\u00e1?"},"content":{"rendered":"<div style=\"float: left; margin: 10px;\"><a href=\"https:\/\/libcickekrizovatky.cz\/content\/uploads\/2018\/12\/F.L.Rieger.jpg\"><img loading=\"lazy\" class=\"alignleft wp-image-20611\" src=\"https:\/\/libcickekrizovatky.cz\/content\/uploads\/2018\/12\/F.L.Rieger.jpg\" alt=\"F.L.Rieger\" width=\"151\" height=\"181\" srcset=\"https:\/\/libcickekrizovatky.cz\/content\/uploads\/2018\/12\/F.L.Rieger.jpg 404w, https:\/\/libcickekrizovatky.cz\/content\/uploads\/2018\/12\/F.L.Rieger-251x300.jpg 251w\" sizes=\"(max-width: 151px) 100vw, 151px\" \/><\/a><\/div>\n<p>Des\u00e1t\u00e9ho prosince vzpomeneme dvousetlet\u00e9 v\u00fdro\u010d\u00ed narozen\u00ed \u010desk\u00e9ho politika Franti\u0161ka Ladislava Riegra (* 10.&nbsp;12.&nbsp;1818 Semily \u2013 \u271d 3.&nbsp;3.&nbsp;1903 Praha).<\/p>\n<p>Je to takov\u00e1 zvl\u00e1\u0161tn\u00ed v\u011bc s&nbsp;t\u011bmi politiky. \u010c\u00edm d\u00e1l m\u00e9n\u011b si pamatuju jm\u00e9na t\u011bch b\u00fdval\u00fdch a&nbsp;\u010d\u00edm d\u00e1l v\u00edce si nejsem schopen zapamatovat jm\u00e9na t\u011bch sou\u010dasn\u00fdch. Kdo si dnes je\u0161t\u011b vzpomene t\u0159eba na jak\u00e9hosi V\u00edta B\u00e1rtu nebo jakousi Alenu Han\u00e1kovou? Kdo si vybav\u00ed jen tak z&nbsp;fleku jm\u00e9no dne\u0161n\u00edho ministra kultury nebo ministryn\u011b pr\u016fmyslu? Na\u0161t\u011bst\u00ed je v&nbsp;drtiv\u00e9 v\u011bt\u0161in\u011b p\u0159\u00edpad\u016f bezejmennost minul\u00fdch i&nbsp;sou\u010dasn\u00fdch politick\u00fdch d\u011bjin nejen p\u0159\u00edjemn\u00e1, ale dokonce blahod\u00e1rn\u00e1.<!--more--><\/p>\n<p>Co ale s&nbsp;politiky, kte\u0159\u00ed byli opravdu v\u00fdznamn\u00ed? Ani zde nejsme zrovna pam\u011b\u0165ov\u00ed kabr\u0148\u00e1ci. P\u0159itom je t\u00e9m\u011b\u0159 pravidlem, \u017ee v&nbsp;hlav\u00e1ch m\u00e1me bezpe\u010dn\u011b ulo\u017eeno nejv\u00fd\u0161 jen p\u00e1r postav z&nbsp;20.&nbsp;a&nbsp;21.&nbsp;stolet\u00ed: obvykle Masaryk, Bene\u0161, Gottwald, Dub\u010dek, Hus\u00e1k, Havel, Klaus a&nbsp;Zeman. S&nbsp;jednou v\u00fdjimkou je jejich ochranou proti zapomn\u011bn\u00ed funkce prezidenta. S&nbsp;men\u0161\u00ed jistotou si v&nbsp;t\u00e9to souvislosti vybav\u00edme H\u00e1chu, Z\u00e1potock\u00e9ho, Novotn\u00e9ho, Svobodu, i&nbsp;kdy\u017e i&nbsp;oni viseli ve \u0161koln\u00edch t\u0159\u00edd\u00e1ch naho\u0159e vlevo od tabule. \u010c\u00edm to je?<\/p>\n<p>A politici z&nbsp;19.&nbsp;stolet\u00ed? To je \u00fapln\u00e1 d\u00edra, p\u0159esto\u017ee pr\u00e1v\u011b v&nbsp;t\u00e9to dob\u011b u&nbsp;n\u00e1s parlamentn\u00ed politika vznikla. Ne\u0159\u00edk\u00e1m, \u017ee bychom krom\u011b Palack\u00e9ho m\u011bli spolehliv\u011b zn\u00e1t Jind\u0159icha Clam-Martinice, Franze Schmeykala nebo Josefa Seligera. Ty jsme z&nbsp;\u010desk\u00e9 pam\u011bti vykopli po&nbsp;prvn\u00ed nebo druh\u00e9 sv\u011btov\u00e9 v\u00e1lce, proto\u017ee byli aristokraty nebo N\u011bmci. Aspo\u0148 p\u00e1r \u010desk\u00fdch politick\u00fdch jmen bychom ale mohli o\u017eivit\u2026 Brauner, Sladkovsk\u00fd, Kaizl, Pra\u017e\u00e1k. Kdy\u017e u\u017e se po&nbsp;nich jmenuj\u00ed ulice, n\u00e1m\u011bst\u00ed nebo sady v&nbsp;\u010cech\u00e1ch a&nbsp;na Morav\u011b, ale jinak o&nbsp;nich nev\u00edme nic. Ne? Ani ty ne? Budi\u017e, tak snad s&nbsp;t\u00edm Riegerem bychom slitov\u00e1n\u00ed m\u00edt mohli. M\u00e1 p\u0159ece ty dvoust\u00e9 narozeniny\u2026<\/p>\n<p>Jen\u017ee. Op\u011bt se nab\u00edz\u00ed srovn\u00e1n\u00ed co do pam\u011bti a&nbsp;popularity. Dosti bizarn\u00ed, ale ne \u00fapln\u011b mimo po\u0159ad\u00ed. Rieger se v&nbsp;roce 1841 jako mlad\u00fd zam\u011bstnanec trestn\u00edho soudu pod\u00edlel na vy\u0161et\u0159ov\u00e1n\u00ed lupi\u010de Wenzela Babinsk\u00e9ho. Ano, toho \u201estar\u00e9ho lotra mexick\u00e9ho\u201c, jak d\u00ed zn\u00e1m\u00e1 p\u00edse\u0148 \u201eNa kope\u010dku v&nbsp;Africe\u201c. D\u00edky n\u00ed je Babinsk\u00fd dnes zn\u00e1m\u011bj\u0161\u00ed ne\u017e zapomenut\u00fd Rieger. P\u0159ihod\u00ed se tot\u00e9\u017e n\u011bjak\u00e9mu sou\u010dasn\u00e9mu vedouc\u00edmu politikovi, \u017ee se za sto let na n\u011bj zapomene, ale jeho sou\u010dasn\u00edk d\u00edky krimin\u00e1ln\u00edmu lotrovstv\u00ed bude v&nbsp;pam\u011bti lid\u00ed \u017e\u00edt je\u0161t\u011b tehdy? Bude m\u00edt t\u0159eba Babi\u0161 sv\u00e9ho \u201elotra mexick\u00e9ho\u201c? Pominu-li fakt, \u017ee si mo\u017en\u00e1 tento premi\u00e9r vysta\u010d\u00ed s\u00e1m a&nbsp;bude s\u00e1m sob\u011b Babinsk\u00fdm, tak bych si vsadil t\u0159eba na Kaj\u00ednka. M\u00e1 v\u00edc ne\u017e p\u00edsni\u010dku, je o&nbsp;n\u011bm nato\u010den\u00fd film, vydal memo\u00e1ry, besedami o&nbsp;sob\u011b sam\u00e9m si stav\u00ed sch\u016fdky k&nbsp;celebritn\u00ed nesmrtelnosti. Ano, Kaj\u00ednek je podle v\u0161eho mu\u017e budoucnosti, ne Babi\u0161. I&nbsp;kdy\u017e \u2013 mo\u017en\u00e1 oba.<\/p>\n<p>Ale nechme toho. O&nbsp;Franti\u0161ku Ladislavu Riegrovi si m\u016f\u017eeme pustit zaj\u00edmav\u00fd rozhlasov\u00fd po\u0159ad. Dokonce i&nbsp;s&nbsp;hudbou, kterou Rieger slo\u017eil.<\/p>\n<div style=\"margin: 10px 0; position: relative; overflow: hidden; padding-bottom: 80%; height: 0;\"><iframe style=\"position: absolute; top: 0; left: 0; width: 100%; height: 100%;\" src=\"https:\/\/vltava.rozhlas.cz\/cro_soundmanager\/files\/7693305\/field_main_audio\" width=\"300\" height=\"150\" frameborder=\"0\" scrolling=\"no\" allowfullscreen=\"allowfullscreen\"><\/iframe><\/div>\n","protected":false},"excerpt":{"rendered":"<p>Des\u00e1t\u00e9ho prosince vzpomeneme dvousetlet\u00e9 v\u00fdro\u010d\u00ed narozen\u00ed \u010desk\u00e9ho politika Franti\u0161ka Ladislava Riegra (* 10.&nbsp;12.&nbsp;1818 Semily \u2013 \u271d 3.&nbsp;3.&nbsp;1903 Praha). Je to takov\u00e1 zvl\u00e1\u0161tn\u00ed v\u011bc s&nbsp;t\u011bmi politiky. \u010c\u00edm d\u00e1l m\u00e9n\u011b si pamatuju jm\u00e9na t\u011bch b\u00fdval\u00fdch a&nbsp;\u010d\u00edm d\u00e1l v\u00edce si nejsem schopen zapamatovat jm\u00e9na t\u011bch sou\u010dasn\u00fdch. Kdo si dnes je\u0161t\u011b vzpomene t\u0159eba na jak\u00e9hosi V\u00edta B\u00e1rtu nebo jakousi [&hellip;]<\/p>\n","protected":false},"author":11,"featured_media":0,"comment_status":"open","ping_status":"open","sticky":false,"template":"","format":"standard","meta":[],"categories":[119,1],"tags":[225,971,972,378],"_links":{"self":[{"href":"https:\/\/libcickekrizovatky.cz\/index.php?rest_route=\/wp\/v2\/posts\/20606"}],"collection":[{"href":"https:\/\/libcickekrizovatky.cz\/index.php?rest_route=\/wp\/v2\/posts"}],"about":[{"href":"https:\/\/libcickekrizovatky.cz\/index.php?rest_route=\/wp\/v2\/types\/post"}],"author":[{"embeddable":true,"href":"https:\/\/libcickekrizovatky.cz\/index.php?rest_route=\/wp\/v2\/users\/11"}],"replies":[{"embeddable":true,"href":"https:\/\/libcickekrizovatky.cz\/index.php?rest_route=%2Fwp%2Fv2%2Fcomments&post=20606"}],"version-history":[{"count":4,"href":"https:\/\/libcickekrizovatky.cz\/index.php?rest_route=\/wp\/v2\/posts\/20606\/revisions"}],"predecessor-version":[{"id":20623,"href":"https:\/\/libcickekrizovatky.cz\/index.php?rest_route=\/wp\/v2\/posts\/20606\/revisions\/20623"}],"wp:attachment":[{"href":"https:\/\/libcickekrizovatky.cz\/index.php?rest_route=%2Fwp%2Fv2%2Fmedia&parent=20606"}],"wp:term":[{"taxonomy":"category","embeddable":true,"href":"https:\/\/libcickekrizovatky.cz\/index.php?rest_route=%2Fwp%2Fv2%2Fcategories&post=20606"},{"taxonomy":"post_tag","embeddable":true,"href":"https:\/\/libcickekrizovatky.cz\/index.php?rest_route=%2Fwp%2Fv2%2Ftags&post=20606"}],"curies":[{"name":"wp","href":"https:\/\/api.w.org\/{rel}","templated":true}]}}