{"id":20800,"date":"2019-01-24T13:16:11","date_gmt":"2019-01-24T12:16:11","guid":{"rendered":"http:\/\/libcickekrizovatky.cz\/?p=20800"},"modified":"2019-01-25T09:25:29","modified_gmt":"2019-01-25T08:25:29","slug":"vysvetleni-starosty-proc-nebyla-opozici-sverena-vetsina-v-kontrolnim-vyboru","status":"publish","type":"post","link":"https:\/\/libcickekrizovatky.cz\/?p=20800","title":{"rendered":"Vysv\u011btlen\u00ed starosty, pro\u010d nebyla opozici sv\u011b\u0159ena v\u011bt\u0161ina v&nbsp;kontroln\u00edm v\u00fdboru"},"content":{"rendered":"<p style=\"text-align: justify;\">Dosud v&nbsp;\u017e\u00e1dn\u00e9m\u00a0z m\u011bstsk\u00fdch m\u00e9di\u00ed nebylo pod\u00e1no vysv\u011btlen\u00ed koalice (Lib\u011bhrad+TOP 09) k&nbsp;tomu, pro\u010d nebyla opozici na ustavuj\u00edc\u00edm zastupitelstvu sv\u011b\u0159ena v\u011bt\u0161ina v&nbsp;kontroln\u00edm v\u00fdboru. A&nbsp;proto\u017ee nejde z&nbsp;na\u0161eho pohledu (i&nbsp;z&nbsp;pohledu praxe v&nbsp;naprost\u00e9 v\u011bt\u0161in\u011b obc\u00ed v&nbsp;\u010cR) o&nbsp;v\u011bc zanedbateln\u00e9ho v\u00fdznamu,\u00a0polo\u017eili jsme tuto ot\u00e1zku panu starostovi v&nbsp;r\u00e1mci diskuze na posledn\u00edm jedn\u00e1n\u00ed Zastupitelstva m\u011bsta.<\/p>\n<p style=\"text-align: justify;\">N\u00e1sleduje\u00a0transkripce t\u00e9to diskuze na ZM \u010d.&nbsp;2, dne 19.&nbsp;12.&nbsp;2018:<\/p>\n<p><!--more--><\/p>\n<p style=\"text-align: justify;\"><strong>Roman \u0160ebl (LOS):<\/strong><\/p>\n<p style=\"text-align: justify;\"><em>J\u00e1 bych poprosil\u2026 Na ustavuj\u00edc\u00edm zastupitelstvu v\u00a0r\u00e1mci ustanovov\u00e1n\u00ed \u010dlen\u016f kontroln\u00edho v\u00fdboru padlo z&nbsp;va\u0161\u00ed strany, \u017ee byste se r\u00e1d vyj\u00e1d\u0159il a\u017e na konci k\u00a0tomu, pro\u010d vlastn\u011b byla ponech\u00e1na v\u011bt\u0161ina v\u00a0kontroln\u00edm v\u00fdboru koalici a&nbsp;ne opozici, jako je to standardem pro ostatn\u00ed m\u011bsta v\u00a0\u010cesk\u00e9 republice. A&nbsp;to nezazn\u011blo, a&nbsp;proto bych byl r\u00e1d, kdyby to va\u0161e vyj\u00e1d\u0159en\u00ed mohlo zazn\u00edt te\u010f.<\/em><\/p>\n<p style=\"text-align: justify;\"><strong>Pavel Barto\u0161 (starosta):<\/strong><\/p>\n<p style=\"text-align: justify;\"><em>Nejd\u0159\u00edv mus\u00edm \u0159\u00edct, \u017ee to, co jste formuloval, je v\u00e1\u0161 n\u00e1zor a&nbsp;nen\u00ed to standardem. Standardem je z\u00e1kon 128\/2000 Sb. Z\u00e1kona o&nbsp;obc\u00edch, to je standard. Standard znamen\u00e1 n\u011bjak\u00fd pap\u00edr, kde je to naps\u00e1no, zvan\u00fd z\u00e1kon \u2013 standard. A&nbsp;jestli je \u00fazus nebo obvykl\u00fd stav, \u017ee, nebo n\u011bjak\u00e1 takov\u00e1 mor\u00e1ln\u00ed z\u00e1le\u017eitost, tak to je mo\u017en\u00fd. To ne\u0159\u00edk\u00e1m, \u017ee nen\u00ed pravda &#8211; to b\u00fdv\u00e1. Te\u010f vy se mne pt\u00e1te, pro\u010d nem\u00e1 opozice v\u011bt\u0161inu v\u00a0kontroln\u00edm v\u00fdboru.<\/em><\/p>\n<p style=\"text-align: justify;\"><strong>Roman \u0160ebl (LOS):<\/strong><\/p>\n<p style=\"text-align: justify;\"><em>V\u00a0\u010dem&#8230; \u010di&nbsp;kde vlastn\u011b vid\u00edte tu v\u00fdhodu.<\/em><\/p>\n<p style=\"text-align: justify;\"><strong>Pavel Barto\u0161 (starosta):<\/strong><\/p>\n<p style=\"text-align: justify;\"><em>\u0158e\u0161en\u00ed nebo odpov\u011b\u010f zn\u00ed takto. V\u011bc nen\u00ed rozhodnut\u00ed jedn\u00e9 osoby, ale skupiny \u00fa\u010dastn\u00edk\u016f. Tou skupinou je skupina lid\u00ed zde sed\u00edc\u00edch, kter\u00e1 v\u00a0p\u0159\u00edprav\u011b t\u011bchto v\u0161ech n\u00e1sleduj\u00edc\u00edch akt\u016f co byly dimenze t\u011bch v\u00fdbor\u016f si to odhlasovali a&nbsp;shodli jsme se na tomto postupu. Tomuhle\u2026 t\u0159eba to te\u010f budete pova\u017eovat, \u017ee si d\u011bl\u00e1m legraci, ale tomu se \u0159\u00edk\u00e1 demokracie. My jsme si o&nbsp;tom hlasovali. V\u00a0tomto hlasov\u00e1n\u00ed jsme si odhlasovali, \u017ee takto bychom to cht\u011bli s\u00a0p\u0159ihl\u00e9dnut\u00edm k\u00a0volebn\u00edmu v\u00fdsledku. Ten volebn\u00ed v\u00fdsledek je ur\u010dit\u00fd, a&nbsp;proto\u017ee nenastaly v\u00a0pr\u016fb\u011bhu vyjedn\u00e1v\u00e1n\u00ed \u017e\u00e1dn\u00e9 mimo\u0159\u00e1dn\u00e9 jakoby p\u0159\u00edzniv\u00e9 okolnosti, kter\u00e9 by n\u00e1s p\u0159ivedly k\u00a0tomu ud\u011blat tento velkorys\u00fd krok (o&nbsp;n\u011bm\u017e si mysl\u00edm, \u017ee je velkorys\u00fd &#8211; ur\u010dit\u011b), tak jsme si to odhlasovali a&nbsp;to je v\u00fdsledek. J\u00e1 lep\u0161\u00ed vysv\u011btlen\u00ed nem\u00e1m.<\/em><\/p>\n<p style=\"text-align: justify;\"><em>A dokonce si mysl\u00edm, \u017ee by se na cel\u00e9 v\u011bci nic nezm\u011bnilo, i&nbsp;kdyby\u2026 nebo douf\u00e1m, \u017ee by se na fungov\u00e1n\u00ed v\u00fdboru nic nezm\u011bnilo, kdyby to bylo dle va\u0161eho n\u00e1zoru, ale n\u011bkter\u00e9 neblah\u00e9 skute\u010dnosti z\u00a0minula mne vedly k\u00a0tomu (nebo n\u00e1s vedly k\u00a0tomu), \u017ee jsme prost\u011b takhle rozhodli. To bylo specieln\u011b p\u016fsoben\u00ed Ing. Chrtov\u00e9 v\u00a0roce 2012. Ale nen\u00ed to podstatn\u00e9. Je to podstatn\u00e9 v\u00a0tom, \u017ee jsme se takto dohodli a&nbsp;takhle jsme si to odhlasovali.<\/em><\/p>\n<p style=\"text-align: justify;\"><strong>Roman \u0160ebl (LOS):<\/strong><\/p>\n<p style=\"text-align: justify;\"><em>J\u00e1 jsem tedy vlastn\u011b pochopil, \u017ee vy byste vn\u00edmali p\u0159enech\u00e1n\u00ed kontroln\u00edho v\u00fdboru opozici jako velkorysost. J\u00e1 bych to jenom uzav\u0159el, \u017ee j\u00e1 bych to vn\u00edmal jako pr\u00e1v\u011b ten standard.<\/em><\/p>\n<p style=\"text-align: justify;\">Videoz\u00e1zn<span style=\"color: #333333;\">am t\u00e9to diskuze zde<\/span>:<br \/>\n<span style=\"color: #0000ff;\"><a style=\"color: #0000ff;\" href=\"https:\/\/www.youtube.com\/watch?v=MoJ5wWwAdH0\">https:\/\/www.youtube.com\/watch?v=MoJ5wWwAdH0<\/a><\/span><\/p>\n<p style=\"text-align: justify;\"><strong>Jak by to d\u011blal LOS?<\/strong><\/p>\n<p style=\"text-align: justify;\">Z\u00e1v\u011brem by\u00a0sou\u010dasn\u00ed zastupitel\u00e9 za LOS cht\u011bli uv\u00e9st, \u017ee pokud bude LOS v&nbsp;dal\u0161\u00edch volb\u00e1ch v\u00edt\u011bzn\u00fdm subjektem a&nbsp;bude sou\u010d\u00e1st\u00ed koalice, \u017ee pova\u017euj\u00ed za samoz\u0159ejm\u00e9, aby kontroln\u00ed\u00a0v\u00fdbor\u00a0byl v\u017edy sv\u011b\u0159en opozici. T\u00edm po&nbsp;dlouh\u00fdch letech kone\u010dn\u011b p\u0159estane v&nbsp;Lib\u010dic\u00edch doch\u00e1zet k&nbsp;tomu, \u017ee koalice d\u00edky sv\u00e9 v\u011bt\u0161in\u011b de facto kontroluje sebe samu. To ji\u017e z&nbsp;podstaty v\u011bci p\u0159eci nen\u00ed spr\u00e1vn\u00e9 rozlo\u017een\u00ed.<\/p>\n<p>&nbsp;  <\/p>\n","protected":false},"excerpt":{"rendered":"<p>Dosud v&nbsp;\u017e\u00e1dn\u00e9m\u00a0z m\u011bstsk\u00fdch m\u00e9di\u00ed nebylo pod\u00e1no vysv\u011btlen\u00ed koalice (Lib\u011bhrad+TOP 09) k&nbsp;tomu, pro\u010d nebyla opozici na ustavuj\u00edc\u00edm zastupitelstvu sv\u011b\u0159ena v\u011bt\u0161ina v&nbsp;kontroln\u00edm v\u00fdboru. A&nbsp;proto\u017ee nejde z&nbsp;na\u0161eho pohledu (i&nbsp;z&nbsp;pohledu praxe v&nbsp;naprost\u00e9 v\u011bt\u0161in\u011b obc\u00ed v&nbsp;\u010cR) o&nbsp;v\u011bc zanedbateln\u00e9ho v\u00fdznamu,\u00a0polo\u017eili jsme tuto ot\u00e1zku panu starostovi v&nbsp;r\u00e1mci diskuze na posledn\u00edm jedn\u00e1n\u00ed Zastupitelstva m\u011bsta. N\u00e1sleduje\u00a0transkripce t\u00e9to diskuze na ZM \u010d.&nbsp;2, dne 19.&nbsp;12.&nbsp;2018:<\/p>\n","protected":false},"author":3,"featured_media":0,"comment_status":"open","ping_status":"open","sticky":false,"template":"","format":"standard","meta":[],"categories":[4,111],"tags":[979,211,121],"_links":{"self":[{"href":"https:\/\/libcickekrizovatky.cz\/index.php?rest_route=\/wp\/v2\/posts\/20800"}],"collection":[{"href":"https:\/\/libcickekrizovatky.cz\/index.php?rest_route=\/wp\/v2\/posts"}],"about":[{"href":"https:\/\/libcickekrizovatky.cz\/index.php?rest_route=\/wp\/v2\/types\/post"}],"author":[{"embeddable":true,"href":"https:\/\/libcickekrizovatky.cz\/index.php?rest_route=\/wp\/v2\/users\/3"}],"replies":[{"embeddable":true,"href":"https:\/\/libcickekrizovatky.cz\/index.php?rest_route=%2Fwp%2Fv2%2Fcomments&post=20800"}],"version-history":[{"count":14,"href":"https:\/\/libcickekrizovatky.cz\/index.php?rest_route=\/wp\/v2\/posts\/20800\/revisions"}],"predecessor-version":[{"id":20862,"href":"https:\/\/libcickekrizovatky.cz\/index.php?rest_route=\/wp\/v2\/posts\/20800\/revisions\/20862"}],"wp:attachment":[{"href":"https:\/\/libcickekrizovatky.cz\/index.php?rest_route=%2Fwp%2Fv2%2Fmedia&parent=20800"}],"wp:term":[{"taxonomy":"category","embeddable":true,"href":"https:\/\/libcickekrizovatky.cz\/index.php?rest_route=%2Fwp%2Fv2%2Fcategories&post=20800"},{"taxonomy":"post_tag","embeddable":true,"href":"https:\/\/libcickekrizovatky.cz\/index.php?rest_route=%2Fwp%2Fv2%2Ftags&post=20800"}],"curies":[{"name":"wp","href":"https:\/\/api.w.org\/{rel}","templated":true}]}}