{"id":20875,"date":"2019-02-05T07:25:24","date_gmt":"2019-02-05T06:25:24","guid":{"rendered":"http:\/\/libcickekrizovatky.cz\/?p=20875"},"modified":"2019-02-05T20:26:20","modified_gmt":"2019-02-05T19:26:20","slug":"o-namesti-nikoliv-poprve","status":"publish","type":"post","link":"https:\/\/libcickekrizovatky.cz\/?p=20875","title":{"rendered":"O n\u00e1m\u011bst\u00ed nikoliv poprv\u00e9"},"content":{"rendered":"<div style=\"float: left; margin: 10px;\">\n<div id=\"attachment_17211\" style=\"width: 310px\" class=\"wp-caption alignleft\"><a href=\"https:\/\/libcickekrizovatky.cz\/content\/uploads\/2017\/12\/namesti.jpg\"><img aria-describedby=\"caption-attachment-17211\" loading=\"lazy\" class=\"wp-image-17211\" title=\"Nevzhlednost n\u011bkter\u00fdch m\u00edst si uv\u011bdom\u00edme a\u017e p\u0159i pohledu na fotografii\" src=\"https:\/\/libcickekrizovatky.cz\/content\/uploads\/2017\/12\/namesti.jpg\" alt=\"Jedno z uva\u017eovan\u00fdch n\u00e1m\u011bst\u00ed\" width=\"300\" height=\"120\" \/><\/a><p id=\"caption-attachment-17211\" class=\"wp-caption-text\"><em>Nevzhlednost n\u011bkter\u00fdch m\u00edst si uv\u011bdom\u00edme a\u017e p\u0159i&nbsp;pohledu na fotografii<\/em><\/p><\/div>\n<\/div>\n<p>V posledn\u00ed dob\u011b se na radnici i&nbsp;ve ve\u0159ejnosti diskutuje o&nbsp;\u00faprav\u011b n\u011bkter\u00fdch prostranstv\u00ed, kter\u00e1 by mohla\u00a0b\u00fdt n\u00e1m\u011bst\u00edm na\u0161eho m\u011bsta. Dokonce veden\u00ed m\u011bsta ned\u00e1vno vykoupilo n\u011bkter\u00e9 domy, aby se po&nbsp;jejich\u00a0eventu\u00e1ln\u00edm zbour\u00e1n\u00ed vytvo\u0159il d\u016fstojn\u00fd centr\u00e1ln\u00ed prostor. Faktem je, \u017ee Lib\u010dice (ale ani Letky nebo\u00a0Ch\u00fdnov) skute\u010dn\u00e9 n\u00e1m\u011bst\u00ed nemaj\u00ed.<!--more--><\/p>\n<p>Sou\u010dasn\u00e9 \u00favahy a&nbsp;i&nbsp;n\u00e1vrhy architekt\u016f sm\u011b\u0159uj\u00ed do \u010dty\u0159 m\u00edst, kter\u00e1 jsou dnes sp\u00ed\u0161e k\u0159i\u017eovatkami ne\u017e\u00a0n\u00e1m\u011bst\u00edmi. Jde o&nbsp;centr\u00e1ln\u00ed k\u0159i\u017eovatku u&nbsp;M\u011bstsk\u00e9ho \u00fa\u0159adu, k\u0159i\u017eovatku v&nbsp;Ch\u00fdnov\u011b (pod statkem\u00a0Rousov\u00fdch), zat\u00e1\u010dku u&nbsp;pomn\u00edku v&nbsp;Letk\u00e1ch a&nbsp;k\u0159i\u017eovatku u&nbsp;katolick\u00e9ho kostela, kter\u00e1 te\u010f nov\u011b slou\u017e\u00ed nav\u00edc\u00a0jako \u201eto\u010dna\u201c autobusu.<\/p>\n<p>Pr\u00e1v\u011b toto posledn\u00ed m\u00edsto je dokladem, \u017ee \u00favahy o&nbsp;vytvo\u0159en\u00ed n\u00e1m\u011bst\u00ed nen\u00ed v&nbsp;na\u0161\u00ed obci ni\u010dem nov\u00fdm. V\u00a0roce 1947 se v&nbsp;m\u00edstn\u00ed kronice psalo: \u201eJe\u017eto okresn\u00ed n\u00e1rodn\u00ed v\u00fdbor uznal d\u016fm \u010dp.&nbsp;25 v&nbsp;Lib\u010dic\u00edch nad\u00a0Vltavou za neobyvateln\u00fd, byl tento d\u016fm koupen m\u00edstn\u00edm n\u00e1rodn\u00edm v\u00fdborem od majitelky pan\u00ed Konfinov\u00e9\u00a0za 10&nbsp;000 K\u010ds. Pon\u011bvad\u017e d\u016fm hrozil z\u0159\u00edcen\u00edm, byl zbour\u00e1n. T\u00edm se z\u00edskalo pot\u0159ebn\u00e9 prostranstv\u00ed p\u0159ed\u00a0\u0159\u00edmskokatolick\u00fdm kostelem, kde je po\u010d\u00edt\u00e1no se z\u0159\u00edzen\u00edm n\u00e1m\u011bst\u00ed\u201c.<\/p>\n<p>Co k&nbsp;tomu dodat. Jen snad to, \u017ee dodnes, po&nbsp;v\u00edce ne\u017e sedmdes\u00e1ti letech, zde opravdov\u00e9 n\u00e1m\u011bst\u00ed nen\u00ed.\u00a0Douf\u00e1m, \u017ee a\u017e po&nbsp;letech najde ob\u010dan Lib\u010dic zap\u00e1len\u00fd pro historii tento m\u016fj \u010dl\u00e1nek, nebude konstatovat,\u00a0\u017ee se op\u011bt nic nezm\u011bnilo a&nbsp;jedin\u00fdm n\u00e1m\u011bst\u00edm v&nbsp;obci z\u016fst\u00e1v\u00e1 N\u00e1m\u011bst\u00ed Svobody, kter\u00e9 nen\u00ed n\u00e1m\u011bst\u00edm, ale\u00a0parkem.  <\/p>\n","protected":false},"excerpt":{"rendered":"<p>V posledn\u00ed dob\u011b se na radnici i&nbsp;ve ve\u0159ejnosti diskutuje o&nbsp;\u00faprav\u011b n\u011bkter\u00fdch prostranstv\u00ed, kter\u00e1 by mohla\u00a0b\u00fdt n\u00e1m\u011bst\u00edm na\u0161eho m\u011bsta. Dokonce veden\u00ed m\u011bsta ned\u00e1vno vykoupilo n\u011bkter\u00e9 domy, aby se po&nbsp;jejich\u00a0eventu\u00e1ln\u00edm zbour\u00e1n\u00ed vytvo\u0159il d\u016fstojn\u00fd centr\u00e1ln\u00ed prostor. Faktem je, \u017ee Lib\u010dice (ale ani Letky nebo\u00a0Ch\u00fdnov) skute\u010dn\u00e9 n\u00e1m\u011bst\u00ed nemaj\u00ed.<\/p>\n","protected":false},"author":15,"featured_media":0,"comment_status":"open","ping_status":"open","sticky":false,"template":"","format":"standard","meta":[],"categories":[1],"tags":[],"_links":{"self":[{"href":"https:\/\/libcickekrizovatky.cz\/index.php?rest_route=\/wp\/v2\/posts\/20875"}],"collection":[{"href":"https:\/\/libcickekrizovatky.cz\/index.php?rest_route=\/wp\/v2\/posts"}],"about":[{"href":"https:\/\/libcickekrizovatky.cz\/index.php?rest_route=\/wp\/v2\/types\/post"}],"author":[{"embeddable":true,"href":"https:\/\/libcickekrizovatky.cz\/index.php?rest_route=\/wp\/v2\/users\/15"}],"replies":[{"embeddable":true,"href":"https:\/\/libcickekrizovatky.cz\/index.php?rest_route=%2Fwp%2Fv2%2Fcomments&post=20875"}],"version-history":[{"count":16,"href":"https:\/\/libcickekrizovatky.cz\/index.php?rest_route=\/wp\/v2\/posts\/20875\/revisions"}],"predecessor-version":[{"id":20916,"href":"https:\/\/libcickekrizovatky.cz\/index.php?rest_route=\/wp\/v2\/posts\/20875\/revisions\/20916"}],"wp:attachment":[{"href":"https:\/\/libcickekrizovatky.cz\/index.php?rest_route=%2Fwp%2Fv2%2Fmedia&parent=20875"}],"wp:term":[{"taxonomy":"category","embeddable":true,"href":"https:\/\/libcickekrizovatky.cz\/index.php?rest_route=%2Fwp%2Fv2%2Fcategories&post=20875"},{"taxonomy":"post_tag","embeddable":true,"href":"https:\/\/libcickekrizovatky.cz\/index.php?rest_route=%2Fwp%2Fv2%2Ftags&post=20875"}],"curies":[{"name":"wp","href":"https:\/\/api.w.org\/{rel}","templated":true}]}}