{"id":20896,"date":"2019-02-05T12:04:11","date_gmt":"2019-02-05T11:04:11","guid":{"rendered":"http:\/\/libcickekrizovatky.cz\/?p=20896"},"modified":"2019-02-05T12:07:16","modified_gmt":"2019-02-05T11:07:16","slug":"libcicke-krizovatky-petilete-a-jejich-sedesatkrat-starsi-predek","status":"publish","type":"post","link":"https:\/\/libcickekrizovatky.cz\/?p=20896","title":{"rendered":"Lib\u010dick\u00e9 k\u0159i\u017eovatky p\u011btilet\u00e9 (a&nbsp;jejich \u0161edes\u00e1tkr\u00e1t star\u0161\u00ed p\u0159edek)"},"content":{"rendered":"<div style=\"float: right; margin: 10px;\"><img loading=\"lazy\" class=\"alignleft wp-image-16859 size-medium\" src=\"https:\/\/libcickekrizovatky.cz\/content\/uploads\/2017\/11\/LK1-17.png\" alt=\"Lib\u010dick\u00e9 k\u0159i\u017eovatky \u010d.1\/2017\" width=\"178\" height=\"200\" srcset=\"https:\/\/libcickekrizovatky.cz\/content\/uploads\/2017\/11\/LK1-17.png 640w, https:\/\/libcickekrizovatky.cz\/content\/uploads\/2017\/11\/LK1-17-267x300.png 267w\" sizes=\"(max-width: 178px) 100vw, 178px\" \/><\/div>\n<p>Ka\u017ed\u00fd z&nbsp;n\u00e1s m\u00e1 p\u0159edky. Ka\u017ed\u00e1 v\u011bc m\u00e1 sv\u016fj za\u010d\u00e1tek. Nap\u0159\u00edklad Lib\u010dick\u00e9 k\u0159i\u017eovatky oslav\u00ed v&nbsp;tomto roce\u00a0p\u011bt let sv\u00e9ho trv\u00e1n\u00ed. Ano, u\u017e cel\u00fdch p\u011bt let je ob\u010das dost\u00e1v\u00e1te do schr\u00e1nek nebo \u010dtete na webu. Staly se\u00a0obl\u00edben\u00fdmi i&nbsp;nen\u00e1vid\u011bn\u00fdmi. Dob\u0159e tak. Nejsou lhostejn\u00e9.<\/p>\n<p>P\u0159ed p\u011bti lety byl tedy Lib\u010dick\u00fdch k\u0159i\u017eovatek za\u010d\u00e1tek. A&nbsp;jak to je s&nbsp;t\u011bmi p\u0159edky? Neskromn\u011b mezi n\u011b\u00a0po\u010d\u00edt\u00e1me noviny, kter\u00e9 jsou letos \u0161edes\u00e1tkr\u00e1t star\u0161\u00ed.<!--more--><\/p>\n<h3>Prvn\u00ed \u010desk\u00e9 noviny: 1719-1772<\/h3>\n<p>P\u0159ed t\u0159emi stolet\u00edmi Karel Franti\u0161ek Rosenm\u00fcller usoudil, \u017ee na\u0161el onu b\u00e1jnou d\u00edru, tehdy je\u0161t\u011b na\u00a0feud\u00e1ln\u00edm trhu. Rozhodl se dvakr\u00e1t t\u00fddn\u011b vyd\u00e1vat \u010desky ti\u0161t\u011bn\u00e9 noviny. Pravideln\u00fdmi dny byly \u00fater\u00fd a\u00a0sobota, kter\u00e1 na rozd\u00edl od dne\u0161ka byla je\u0161t\u011b pro redaktory dnem p\u0159ijateln\u00fdm.\u00a0Ani tehdy nebylo vyd\u00e1v\u00e1n\u00ed novin jednoduchou z\u00e1le\u017eitost\u00ed. Mimo jin\u00e9 bylo v\u00e1z\u00e1no na ud\u011blen\u00ed licence a&nbsp;ta<br \/>\nmusela b\u00fdt zaji\u0161t\u011bna lukrativn\u00ed nemovitost\u00ed. Karel F. Rosenm\u00fcller byl majitelem prosperuj\u00edc\u00ed tisk\u00e1rny a\u00a0kni\u017en\u00edho vydavatelstv\u00ed, a&nbsp;tak si investici do nejist\u00e9ho podniku mohl dovolit. Jeho Pra\u017esk\u00e9 po\u0161tovsk\u00e9\u00a0noviny, jak se jim posl\u00e9ze za\u010dalo \u0159\u00edkat, poprv\u00e9 vy\u0161ly p\u0159ed t\u0159emi sty roky \u2013 4.&nbsp;\u00fanora 1719. Jak se posl\u00e9ze\u00a0uk\u00e1zalo, \u0159e\u010den\u00e1 d\u00edra na trhu se uk\u00e1zala nakonec b\u00fdt d\u00edrou na pen\u00edze. Rosenm\u00fcllerovy noviny ale p\u0159esto vych\u00e1zely v\u00edce ne\u017e p\u011bt des\u00edtek let.<\/p>\n<p>Obchodn\u00ed model byl zalo\u017een na p\u0159edplatn\u00e9m a&nbsp;sv\u00fdm zp\u016fsobem p\u0159ipom\u00ednal crowdfunding, kter\u00fd dnes\u00a0nap\u0159\u00edklad zvolil projekt Den\u00edku N. P\u0159edplatitel\u016f nebylo nikdy v\u00edce ne\u017e p\u00e1r stovek. V&nbsp;prodeji, kter\u00e9mu se\u00a0dnes \u0159\u00edk\u00e1 voln\u00fd, to nebylo lep\u0161\u00ed, v\u017edy\u0165 v\u00fdlu\u010dn\u00fdmi prodejn\u00edmi m\u00edsty byly po\u0161ty, kam si z\u00e1jemci museli pro\u00a0noviny doj\u00edt. Inzerce tehdy je\u0161t\u011b nebyla roz\u0161\u00ed\u0159ena.<\/p>\n<p>Vydavatelsk\u00e1 t\u00edha a&nbsp;licence po&nbsp;smrti man\u017eela v&nbsp;roce 1745 p\u0159e\u0161la na vdovu \u2013 \u017dofii Rosenm\u00fcllerovou, kter\u00e1\u00a0se za pomoci jej\u00edch dal\u0161\u00edch dvou man\u017eel\u016f sna\u017eila projekt udr\u017eet. Dlouhou dobu jeho ztr\u00e1ty dotovala z\u00a0v\u00fdnos\u016f vydavatelstv\u00ed a&nbsp;tisk\u00e1rny, ale v&nbsp;roce 1772 byla nucena z&nbsp;ekonomick\u00fdch d\u016fvod\u016f vyd\u00e1v\u00e1n\u00ed ukon\u010dit.\u00a0Tou dobou m\u011bly toti\u017e jej\u00ed noviny pouh\u00e9 dva p\u0159edplatitele v&nbsp;Praze a&nbsp;dal\u0161\u00ed dva ve V\u00eddni. Obecn\u00e9 podobnosti\u00a0mezi tehdej\u0161\u00edm a&nbsp;dne\u0161n\u00edm v\u00fdvojem ti\u0161t\u011bn\u00fdch novin nejsou p\u0159\u00edli\u0161 pot\u011b\u0161uj\u00edc\u00ed.<\/p>\n<p>S koncem projektu rodiny Rosem\u00fcllerov\u00fdch z\u016fstaly na zdej\u0161\u00edm trhu u\u017e jen noviny ti\u0161t\u011bn\u00e9 v&nbsp;n\u011bm\u010din\u011b. A\u017e\u00a0pozd\u011bji p\u0159i\u0161el se svou iniciativou jist\u00fd Jan Ferdinand Sch\u00f6nfeld a&nbsp;po&nbsp;n\u011bm V\u00e1clav Mat\u011bj Kramerius.\u00a0Sch\u00f6nfeld byl v\u00edcem\u00e9n\u011b podnikatel, Kramerius sp\u00ed\u0161e zap\u00e1len\u00fd idealista. Do\u0161lo mezi nimi ke sporu o\u00a0n\u00e1zev po\u0161tovsk\u00e9, kter\u00fd se tak stal de facto prvn\u00edm sporem o&nbsp;zna\u010dku v&nbsp;na\u0161\u00ed novin\u00e1\u0159sk\u00e9 historii. Nakonec\u00a0sporn\u00fd n\u00e1zev pr\u00e1vem p\u0159ipadl Sch\u00f6nfeldovi. Krameriovy noviny pod veden\u00edm jeho potomk\u016f nakonec tak\u00e9\u00a0skon\u010dily ve vydavatelsk\u00e9m dom\u011b Sch\u00f6nfeld\u016f. Ale to u\u017e je jin\u00e1 kapitola.<\/p>\n<h3>Senzace p\u0159edev\u0161\u00edm<\/h3>\n<p>Pozoruhodn\u00e1 byla n\u00e1pl\u0148 Pra\u017esk\u00fdch po\u0161tovsk\u00fdch novin. Byla slo\u017eena ze\u00a0souvisle psan\u00fdch zpr\u00e1v, n\u011bkdy z&nbsp;pochybn\u00fdch zdroj\u016f, bez velk\u00e9ho grafick\u00e9ho rozli\u0161en\u00ed. Styl i&nbsp;obsah je mo\u017en\u00e9 bez jak\u00e9hokoliv uzard\u011bn\u00ed\u00a0ozna\u010dit jako bulv\u00e1rn\u00ed. Mordy, divok\u00e1 pov\u011bt\u0159\u00ed, r\u016fzn\u00e9 senzace. Konec konc\u016f podobn\u011b vypadaly i&nbsp;n\u00e1sleduj\u00edc\u00ed\u00a0projekty. Noviny samy sebe za\u010daly br\u00e1t v\u00e1\u017en\u011b a&nbsp;za\u010daly se prezentovat jako seriozn\u00ed o&nbsp;v\u00edce ne\u017e stolet\u00ed\u00a0pozd\u011bji, d\u00e1vno po&nbsp;\u00e9\u0159e novin Rosenm\u00fcllerov\u00fdch, Sch\u00f6nfeldov\u00fdch a&nbsp;Krameriov\u00fdch. Dne\u0161n\u00ed bulv\u00e1r tak nen\u00ed\u00a0historickou anom\u00e1li\u00ed a&nbsp;oso\u010den\u00ed z&nbsp;bulv\u00e1rnosti, jak\u00e9ho se z&nbsp;nedostatku argument\u016f ob\u010das dost\u00e1v\u00e1 v\u0161em\u00a0novin\u00e1m (i&nbsp;Lib\u010dick\u00fdm k\u0159i\u017eovatk\u00e1m) je tedy trochu lacin\u00e9.<\/p>\n<div class=\"gallery gallery-columns-3 gallery-size-thumbnail rps-image-gallery-format-default rps-image-gallery-theme-default rps-image-gallery-columns-responsive rps-image-gallery rps-image-gallery-masonry rps-image-gallery-no-heading rps-image-gallery-no-caption rps-image-gallery-no-social \" style=\"text-align:left\" pageSize=\"0\" currentPage=\"0\" ><ul class=\"background-thumbnails\"><li class=\"gallery-item gallery-item-begin-row\"><div class=\"gallery-icon landscape\"><a rel=\"rps-image-group-20896\" href=\"https:\/\/libcickekrizovatky.cz\/content\/uploads\/2019\/02\/Postylion1.jpg\" title=\"&amp;lt;div class=&amp;quot;fancybox-title-caption&amp;quot;&amp;gt;&amp;lt;p&amp;gt;\u010cesk\u00fd Postilion neboli\u017eto noviny \u010desk\u00e9...&amp;lt;\/p&amp;gt;\n&amp;lt;\/div&amp;gt;\"><img src=\"https:\/\/libcickekrizovatky.cz\/content\/uploads\/2019\/02\/Postylion1-250x250.jpg\" alt=\"Postylion1\" title=\"Postylion1\" class=\"attachment-thumbnail\" width=\"250\" height=\"250\" sizes=\"(max-width: 250px) 100vw, 250px\"><\/a><\/div><\/li><li class=\"gallery-item \"><div class=\"gallery-icon landscape\"><a rel=\"rps-image-group-20896\" href=\"https:\/\/libcickekrizovatky.cz\/content\/uploads\/2019\/02\/Postylion2.jpg\" title=\"&amp;lt;div class=&amp;quot;fancybox-title-caption&amp;quot;&amp;gt;&amp;lt;p&amp;gt;P\u0159edmluva k prvn\u00edmu vyd\u00e1n\u00ed novin &amp;lt;\/p&amp;gt;\n&amp;lt;\/div&amp;gt;\"><img src=\"https:\/\/libcickekrizovatky.cz\/content\/uploads\/2019\/02\/Postylion2-250x250.jpg\" alt=\"Postylion2\" title=\"Postylion2\" class=\"attachment-thumbnail\" width=\"250\" height=\"250\" sizes=\"(max-width: 250px) 100vw, 250px\"><\/a><\/div><\/li><li class=\"gallery-item gallery-item-end-row\"><div class=\"gallery-icon landscape\"><a rel=\"rps-image-group-20896\" href=\"https:\/\/libcickekrizovatky.cz\/content\/uploads\/2019\/02\/Postylion3.jpg\" title=\"&amp;lt;div class=&amp;quot;fancybox-title-caption&amp;quot;&amp;gt;&amp;lt;p&amp;gt;Sobotn\u00ed Pra\u017esk\u00e9 Po\u0161tovsk\u00e9 Noviny, Num. 1, 4. \u00fanora 1719&amp;lt;\/p&amp;gt;\n&amp;lt;\/div&amp;gt;\"><img src=\"https:\/\/libcickekrizovatky.cz\/content\/uploads\/2019\/02\/Postylion3-250x250.jpg\" alt=\"Postylion3\" title=\"Postylion3\" class=\"attachment-thumbnail last\" width=\"250\" height=\"250\" sizes=\"(max-width: 250px) 100vw, 250px\"><\/a><\/div><\/li><\/ul><\/div>\n","protected":false},"excerpt":{"rendered":"<p>Ka\u017ed\u00fd z&nbsp;n\u00e1s m\u00e1 p\u0159edky. Ka\u017ed\u00e1 v\u011bc m\u00e1 sv\u016fj za\u010d\u00e1tek. Nap\u0159\u00edklad Lib\u010dick\u00e9 k\u0159i\u017eovatky oslav\u00ed v&nbsp;tomto roce\u00a0p\u011bt let sv\u00e9ho trv\u00e1n\u00ed. Ano, u\u017e cel\u00fdch p\u011bt let je ob\u010das dost\u00e1v\u00e1te do schr\u00e1nek nebo \u010dtete na webu. Staly se\u00a0obl\u00edben\u00fdmi i&nbsp;nen\u00e1vid\u011bn\u00fdmi. Dob\u0159e tak. Nejsou lhostejn\u00e9. P\u0159ed p\u011bti lety byl tedy Lib\u010dick\u00fdch k\u0159i\u017eovatek za\u010d\u00e1tek. A&nbsp;jak to je s&nbsp;t\u011bmi p\u0159edky? Neskromn\u011b mezi n\u011b\u00a0po\u010d\u00edt\u00e1me [&hellip;]<\/p>\n","protected":false},"author":15,"featured_media":0,"comment_status":"open","ping_status":"open","sticky":false,"template":"","format":"standard","meta":[],"categories":[1],"tags":[],"_links":{"self":[{"href":"https:\/\/libcickekrizovatky.cz\/index.php?rest_route=\/wp\/v2\/posts\/20896"}],"collection":[{"href":"https:\/\/libcickekrizovatky.cz\/index.php?rest_route=\/wp\/v2\/posts"}],"about":[{"href":"https:\/\/libcickekrizovatky.cz\/index.php?rest_route=\/wp\/v2\/types\/post"}],"author":[{"embeddable":true,"href":"https:\/\/libcickekrizovatky.cz\/index.php?rest_route=\/wp\/v2\/users\/15"}],"replies":[{"embeddable":true,"href":"https:\/\/libcickekrizovatky.cz\/index.php?rest_route=%2Fwp%2Fv2%2Fcomments&post=20896"}],"version-history":[{"count":12,"href":"https:\/\/libcickekrizovatky.cz\/index.php?rest_route=\/wp\/v2\/posts\/20896\/revisions"}],"predecessor-version":[{"id":20914,"href":"https:\/\/libcickekrizovatky.cz\/index.php?rest_route=\/wp\/v2\/posts\/20896\/revisions\/20914"}],"wp:attachment":[{"href":"https:\/\/libcickekrizovatky.cz\/index.php?rest_route=%2Fwp%2Fv2%2Fmedia&parent=20896"}],"wp:term":[{"taxonomy":"category","embeddable":true,"href":"https:\/\/libcickekrizovatky.cz\/index.php?rest_route=%2Fwp%2Fv2%2Fcategories&post=20896"},{"taxonomy":"post_tag","embeddable":true,"href":"https:\/\/libcickekrizovatky.cz\/index.php?rest_route=%2Fwp%2Fv2%2Ftags&post=20896"}],"curies":[{"name":"wp","href":"https:\/\/api.w.org\/{rel}","templated":true}]}}