{"id":21262,"date":"2019-04-25T06:44:05","date_gmt":"2019-04-25T04:44:05","guid":{"rendered":"http:\/\/libcickekrizovatky.cz\/?p=21262"},"modified":"2019-04-28T15:39:10","modified_gmt":"2019-04-28T13:39:10","slug":"festival-otevrena-zahrada-vstupuje-do-druhe-dekady","status":"publish","type":"post","link":"https:\/\/libcickekrizovatky.cz\/?p=21262","title":{"rendered":"Festival Otev\u0159en\u00e1 zahrada vstupuje do druh\u00e9 dek\u00e1dy"},"content":{"rendered":"<div style=\"float: right; margin: 10px;\"><a href=\"https:\/\/libcickekrizovatky.cz\/content\/uploads\/2019\/04\/chrpy-300x199.jpg\"><img loading=\"lazy\" class=\"alignleft wp-image-21272\" src=\"https:\/\/libcickekrizovatky.cz\/content\/uploads\/2019\/04\/chrpy-300x199.jpg\" width=\"300\" height=\"200\" srcset=\"https:\/\/libcickekrizovatky.cz\/content\/uploads\/2019\/04\/chrpy-300x199.jpg 300w, https:\/\/libcickekrizovatky.cz\/content\/uploads\/2019\/04\/chrpy-768x510.jpg 768w, https:\/\/libcickekrizovatky.cz\/content\/uploads\/2019\/04\/chrpy-1024x681.jpg 1024w, https:\/\/libcickekrizovatky.cz\/content\/uploads\/2019\/04\/chrpy.jpg 1980w\" sizes=\"(max-width: 300px) 100vw, 300px\" \/><\/a><br \/>\n<span style=\"font-size: 10pt;\"><em>Chrpy na Festivalu 2015<\/em><\/span><\/div>\n<p>Jeden\u00e1ct\u00e1 Otev\u0159en\u00e1 zahrada se pomalu bl\u00ed\u017e\u00ed a&nbsp;zde je prvn\u00ed ok\u00e9nko do leto\u0161n\u00edho programu. Jak jsme loni slibovali, v&nbsp;kostele tentokr\u00e1t usly\u0161\u00edte\u00a0hudbu \u017ehav\u00e9 sou\u010dasnosti, tedy tu, <span style=\"font-weight: 400;\">kter\u00e1 vznikla za posledn\u00edch 19 let. V&nbsp;prvn\u00ed \u010d\u00e1sti festivalu se p\u0159edstav\u00ed p\u0159edev\u0161\u00edm \u017eeny.<\/span><!--more--><\/p>\n<p>Zah\u00e1jen\u00ed o&nbsp;p\u016fl druh\u00e9 bude pat\u0159it skladatelce, jazzov\u00e9 pianistce a&nbsp;zp\u011bva\u010dce <a href=\"http:\/\/www.beatahlavenkova.com\/\"><b>Beat\u011b Hlavenkov\u00e9<\/b><\/a><span style=\"font-weight: 400;\">.\u00a0<\/span><\/p>\n<p>Na sv\u011btovou premi\u00e9ru u\u017e se te\u010f piln\u011b p\u0159ipravuje asi 50 zp\u011bva\u010dek a&nbsp;zp\u011bv\u00e1k\u016f z&nbsp;n\u011bkolika sbor\u016f, kte\u0159\u00ed skladbu provedou pod veden\u00edm skv\u011bl\u00e9ho sbormistra Michala H\u00e1jka. S\u00f3lo zazp\u00edv\u00e1 <span style=\"text-decoration: underline;\"><strong><a href=\"http:\/\/picdeer.com\/krajinami_hlasu\">Pavla Fendrichov\u00e1<\/a><\/strong><\/span><span style=\"font-weight: 400;\">, na kytaru zahraje Miroslav Nosek a&nbsp;na piano bude hr\u00e1t sama autorka. <\/span><span style=\"font-weight: 400;\">Pro n\u00e1\u0161 festival napsala zbrusu novou skladbu \u201eDubnov\u00fd d\u00e9\u0161\u0165\u201c na text Bohuslava Reynka pro sm\u00ed\u0161en\u00fd sbor, s\u00f3lov\u00fd mezzosopr\u00e1n, piano a&nbsp;kytaru.<\/span><\/p>\n<div style=\"float: left; margin: 10px;\"><a href=\"https:\/\/libcickekrizovatky.cz\/content\/uploads\/2019\/04\/Beata_Hlavenkova_02-Foto_Vaclav_Vrany-300x200-300x200.jpg\"><img loading=\"lazy\" class=\"alignleft wp-image-21264\" src=\"https:\/\/libcickekrizovatky.cz\/content\/uploads\/2019\/04\/Beata_Hlavenkova_02-Foto_Vaclav_Vrany-300x200-300x200.jpg\" width=\"300\" height=\"200\" \/><br \/>\n<span style=\"font-size: 10pt;\"><em>Be\u00e1ta Hlavenkov\u00e1<\/em><\/span><\/a><\/div>\n<p>Beata Hlavenkov\u00e1 nebude jedinou skladatelkou, kterou budete moci na festivalu potkat. V&nbsp;15:30 bude s&nbsp;tuchom\u011b\u0159ick\u00fdmi d\u011btmi prov\u00e1d\u011bt vlastn\u00ed skladby <a href=\"https:\/\/www.youtube.com\/watch?v=26tRrafbby8\"><span style=\"text-decoration: underline;\"><strong>Jana V\u0151r\u0151\u0161ov\u00e1<\/strong><\/span><\/a><span style=\"font-weight: 400;\">, kter\u00e1 p\u00ed\u0161e mj.&nbsp;pro orchestr Berg, loni vyhr\u00e1la skladatelskou sout\u011b\u017e \u010cesk\u00e9 filharmonie <\/span><span style=\"font-weight: 400;\">a letos si od n\u00ed<\/span><span style=\"font-weight: 400;\"> skladbu objednalo Pra\u017esk\u00e9 jaro. Proto\u017ee pr\u00fd d\u011bti z&nbsp;tuchom\u011b\u0159ick\u00e9ho Cvrkotu maj\u00ed r\u00e1dy kn\u00ed\u017eku Daniely Fischerov\u00e9 \u201eTetovan\u00e1 teta\u201c, tak jim n\u011bkolik b\u00e1sn\u00ed zhudebnila. Krom\u011b toho Jana na festivalu povede s&nbsp;tane\u010dnic\u00ed Veronikou Kaci\u00e1novou zvukov\u011b-tane\u010dn\u00ed d\u00edlnu pro d\u011bti od sedmi let \u2013 kapacita t\u00e9to d\u00edlny je omezena, hlaste proto sv\u00e9 d\u011bti p\u0159edem na <\/span><span style=\"text-decoration: underline;\"><a href=\"&#109;&#x61;i&#x6c;t&#x6f;:&#x66;e&#x73;t&#105;&#x76;&#97;&#x6c;.&#x6c;i&#x62;c&#x69;c&#x65;&#64;&#99;&#x65;&#110;&#x74;r&#x75;m&#x2e;c&#x7a;\"><span style=\"font-weight: 400;\">&#x66;e&#x73;t&#x69;v&#x61;&#108;.&#x6c;i&#x62;c&#x69;&#99;&#x65;&#64;c&#x65;n&#x74;r&#x75;&#109;&#x2e;&#x63;z<\/span><\/a><\/span><span style=\"font-weight: 400;\">. <\/span><\/p>\n<p>B\u011bhem odpoledne je\u0161t\u011b usly\u0161\u00edte dv\u011b zp\u011bva\u010dky- autorky, ka\u017edou tro\u0161ku jinak \u017e\u00e1nrov\u011b zam\u011b\u0159enou. Nejprve to bude <span style=\"text-decoration: underline;\"><strong><a href=\"https:\/\/bandzone.cz\/klaravytiskova\/\">Kl\u00e1ra Vytiskov\u00e1<\/a> <\/strong><\/span><span style=\"font-weight: 400;\">(pozor, fanou\u0161ci kapely Toxique a\u0165 se net\u011b\u0161\u00ed. Kl\u00e1\u0159ina tro\u0161ku slavn\u011bj\u0161\u00ed jmenovkyn\u011b u&nbsp;n\u00e1s letos zp\u00edvat nebude.). Jej\u00ed jazz-folkov\u00e9 p\u00edsn\u011b v&nbsp;aran\u017e\u00edch \u00a0kytaristy Miroslava Noska zazn\u00ed v&nbsp;16:00. <\/span><\/p>\n<p>V 18:00 to pak bude <strong>Ad\u00e9la Pet\u0159ekov\u00e1<\/strong> \u2013 here\u010dka a&nbsp;zp\u011bva\u010dka, kter\u00e1 s&nbsp;kytaristou <a href=\"https:\/\/www.youtube.com\/watch?v=kAtPtgWYX1I\"><span style=\"text-decoration: underline;\"><strong>Petrem Zatloukalem<\/strong><\/span><\/a> tvo\u0159\u00ed duo <span style=\"text-decoration: underline;\"><strong><a href=\"http:\/\/mlhou.cz\/\">Mlhou<\/a><\/strong><\/span><span style=\"font-weight: 400;\">. Oba dva u\u017e jste mohli sly\u0161et na Otev\u0159en\u00e9 zahrad\u011b <span style=\"text-decoration: underline;\"><a href=\"https:\/\/libcickekrizovatky.cz\/?p=5024\">v r. 2015<\/a><\/span><\/span><br \/>\n, ale ne s&nbsp;jejich vlastn\u00ed tvorbou. Tehdy pomohli komorn\u00edmu ans\u00e1mblu Chrpy s&nbsp;jejich festivalov\u00fdm programem. Letos se role obr\u00e1t\u00ed a&nbsp;Chrpy podpo\u0159\u00ed duo Mlhou ve t\u0159ech sborov\u011b aran\u017eovan\u00fdch p\u00edsn\u00edch.<\/p>\n<p>A p\u0159\u00ed\u0161t\u011b v\u00e1s sezn\u00e1m\u00edm s&nbsp;reperto\u00e1rem sbor\u016f &#8211; sledujte n\u00e1\u0161 web!<\/p>\n<div class=\"gallery gallery-columns-3 gallery-size-thumbnail rps-image-gallery-format-default rps-image-gallery-theme-default rps-image-gallery-columns-responsive rps-image-gallery rps-image-gallery-masonry rps-image-gallery-no-heading rps-image-gallery-no-caption rps-image-gallery-no-social \" style=\"text-align:left\" pageSize=\"0\" currentPage=\"0\" ><ul class=\"background-thumbnails\"><li class=\"gallery-item gallery-item-begin-row\"><div class=\"gallery-icon landscape\"><a rel=\"rps-image-group-21262\" href=\"https:\/\/libcickekrizovatky.cz\/content\/uploads\/2019\/04\/jana_vorosova-compressor.jpg\" title=\"&amp;lt;div class=&amp;quot;fancybox-title-caption&amp;quot;&amp;gt;&amp;lt;p&amp;gt;Jana V\u00f6r\u00f6sov\u00e1, skladatelka a dirigentka&amp;lt;\/p&amp;gt;\n&amp;lt;\/div&amp;gt;\"><img src=\"https:\/\/libcickekrizovatky.cz\/content\/uploads\/2019\/04\/jana_vorosova-compressor-250x250.jpg\" alt=\"jana_vorosova-compressor\" title=\"jana_vorosova-compressor\" class=\"attachment-thumbnail\" width=\"250\" height=\"250\" sizes=\"(max-width: 250px) 100vw, 250px\"><\/a><\/div><\/li><li class=\"gallery-item \"><div class=\"gallery-icon landscape\"><a rel=\"rps-image-group-21262\" href=\"https:\/\/libcickekrizovatky.cz\/content\/uploads\/2019\/04\/foto-Vytiskov\u00e1-Nosek.jpg\" title=\"&amp;lt;div class=&amp;quot;fancybox-title-caption&amp;quot;&amp;gt;&amp;lt;p&amp;gt;Duo Miroslav Nosek a Kl\u00e1ra Vytiskov\u00e1&amp;lt;\/p&amp;gt;\n&amp;lt;\/div&amp;gt;\"><img src=\"https:\/\/libcickekrizovatky.cz\/content\/uploads\/2019\/04\/foto-Vytiskov\u00e1-Nosek-250x250.jpg\" alt=\"foto Vytiskov\u00e1, Nosek\" title=\"foto Vytiskov\u00e1, Nosek\" class=\"attachment-thumbnail last\" width=\"250\" height=\"250\" sizes=\"(max-width: 250px) 100vw, 250px\"><\/a><\/div><\/li><\/ul><\/div>\n","protected":false},"excerpt":{"rendered":"<p>Chrpy na Festivalu 2015 Jeden\u00e1ct\u00e1 Otev\u0159en\u00e1 zahrada se pomalu bl\u00ed\u017e\u00ed a&nbsp;zde je prvn\u00ed ok\u00e9nko do leto\u0161n\u00edho programu. Jak jsme loni slibovali, v&nbsp;kostele tentokr\u00e1t usly\u0161\u00edte\u00a0hudbu \u017ehav\u00e9 sou\u010dasnosti, tedy tu, kter\u00e1 vznikla za posledn\u00edch 19 let. V&nbsp;prvn\u00ed \u010d\u00e1sti festivalu se p\u0159edstav\u00ed p\u0159edev\u0161\u00edm \u017eeny.<\/p>\n","protected":false},"author":13,"featured_media":0,"comment_status":"open","ping_status":"open","sticky":false,"template":"","format":"standard","meta":[],"categories":[1],"tags":[],"_links":{"self":[{"href":"https:\/\/libcickekrizovatky.cz\/index.php?rest_route=\/wp\/v2\/posts\/21262"}],"collection":[{"href":"https:\/\/libcickekrizovatky.cz\/index.php?rest_route=\/wp\/v2\/posts"}],"about":[{"href":"https:\/\/libcickekrizovatky.cz\/index.php?rest_route=\/wp\/v2\/types\/post"}],"author":[{"embeddable":true,"href":"https:\/\/libcickekrizovatky.cz\/index.php?rest_route=\/wp\/v2\/users\/13"}],"replies":[{"embeddable":true,"href":"https:\/\/libcickekrizovatky.cz\/index.php?rest_route=%2Fwp%2Fv2%2Fcomments&post=21262"}],"version-history":[{"count":24,"href":"https:\/\/libcickekrizovatky.cz\/index.php?rest_route=\/wp\/v2\/posts\/21262\/revisions"}],"predecessor-version":[{"id":21303,"href":"https:\/\/libcickekrizovatky.cz\/index.php?rest_route=\/wp\/v2\/posts\/21262\/revisions\/21303"}],"wp:attachment":[{"href":"https:\/\/libcickekrizovatky.cz\/index.php?rest_route=%2Fwp%2Fv2%2Fmedia&parent=21262"}],"wp:term":[{"taxonomy":"category","embeddable":true,"href":"https:\/\/libcickekrizovatky.cz\/index.php?rest_route=%2Fwp%2Fv2%2Fcategories&post=21262"},{"taxonomy":"post_tag","embeddable":true,"href":"https:\/\/libcickekrizovatky.cz\/index.php?rest_route=%2Fwp%2Fv2%2Ftags&post=21262"}],"curies":[{"name":"wp","href":"https:\/\/api.w.org\/{rel}","templated":true}]}}