{"id":21313,"date":"2019-05-03T13:43:18","date_gmt":"2019-05-03T11:43:18","guid":{"rendered":"http:\/\/libcickekrizovatky.cz\/?p=21313"},"modified":"2019-05-03T13:43:18","modified_gmt":"2019-05-03T11:43:18","slug":"druhe-programove-okenko-festivalu-otevrena-zahrada","status":"publish","type":"post","link":"https:\/\/libcickekrizovatky.cz\/?p=21313","title":{"rendered":"Druh\u00e9 programov\u00e9 ok\u00e9nko festivalu Otev\u0159en\u00e1 zahrada"},"content":{"rendered":"<p><em>V <span style=\"text-decoration: underline;\"><a href=\"https:\/\/libcickekrizovatky.cz\/?p=21262\">minul\u00e9m \u010dl\u00e1nku<\/a><\/span> jsme v\u00e1s upozornili na zaj\u00edmav\u00e9 \u017eeny, kter\u00e9 leto\u0161n\u00ed festivalov\u00fd program obohat\u00ed svou hudbou. Dnes je na \u0159ad\u011b sezn\u00e1mit v\u00e1s tro\u0161ku s&nbsp;jednotliv\u00fdmi sbory a&nbsp;jejich reperto\u00e1rem.<\/em><!--more--><\/p>\n<div style=\"float: left; margin: 10px;\">\n<div id=\"attachment_16191\" style=\"width: 310px\" class=\"wp-caption alignleft\"><a href=\"https:\/\/libcickekrizovatky.cz\/content\/uploads\/2017\/09\/Scandula-2017-4259\"><img aria-describedby=\"caption-attachment-16191\" loading=\"lazy\" class=\"wp-image-16191\" title=\"Scandula na Lib\u010dick\u00e9 Ha\u0161lerce\" src=\"https:\/\/libcickekrizovatky.cz\/content\/uploads\/2017\/09\/Scandula-2017-4259-300x200.jpg\" width=\"300\" height=\"200\" srcset=\"https:\/\/libcickekrizovatky.cz\/content\/uploads\/2017\/09\/Scandula-2017-4259-300x200.jpg 300w, https:\/\/libcickekrizovatky.cz\/content\/uploads\/2017\/09\/Scandula-2017-4259-768x512.jpg 768w, https:\/\/libcickekrizovatky.cz\/content\/uploads\/2017\/09\/Scandula-2017-4259-1024x683.jpg 1024w, https:\/\/libcickekrizovatky.cz\/content\/uploads\/2017\/09\/Scandula-2017-4259.jpg 1772w\" sizes=\"(max-width: 300px) 100vw, 300px\" \/><\/a><p id=\"caption-attachment-16191\" class=\"wp-caption-text\">Scandula na Lib\u010dick\u00e9 Ha\u0161lerce<\/p><\/div>\n<\/div>\n<p>N\u011bkter\u00e9 sbory zn\u00e1te dob\u0159e \u2013 m\u00edstn\u00ed <span style=\"text-decoration: underline;\"><a href=\"http:\/\/www.scandula.cz\"><b>Scandulu<\/b><\/a><\/span><span style=\"font-weight: 400;\"> v\u00e1m p\u0159edstavovat nemus\u00edm, ale mo\u017en\u00e1 v\u00e1s p\u0159ekvap\u00ed sv\u00fdm reperto\u00e1rem, kter\u00fd chyst\u00e1 pr\u00e1v\u011b pro sv\u00e9 festivalov\u00e9 vystoupen\u00ed. P\u0159ij\u010fte si v&nbsp;jejich pod\u00e1n\u00ed poslechnout skladbu M. Winikoffa (Austr\u00e1lie), \u0161v\u00fdcarsk\u00e9ho skladatele F. Debonse \u010di&nbsp;n\u011bmeck\u00e9ho Ch. Dalitze.<\/span><\/p>\n<div style=\"float: left; margin: 10px;\">\n<div id=\"attachment_10474\" style=\"width: 310px\" class=\"wp-caption alignleft\"><a href=\"https:\/\/libcickekrizovatky.cz\/content\/uploads\/2016\/05\/DSC_0243-300x199.jpg\"><img aria-describedby=\"caption-attachment-10474\" loading=\"lazy\" class=\"wp-image-16191\" title=\"Subito na festivalu v roce 2016\" src=\"https:\/\/libcickekrizovatky.cz\/content\/uploads\/2016\/05\/DSC_0243-300x199.jpg\" width=\"300\" height=\"200\" \/><\/a><p id=\"caption-attachment-10474\" class=\"wp-caption-text\">Subito na festivalu v&nbsp;roce 2016<\/p><\/div>\n<\/div>\n<p>&nbsp;<\/p>\n<p>&nbsp;<\/p>\n<p>&nbsp;<\/p>\n<p><a href=\"https:\/\/www.sborsubito.cz\/\"><span style=\"text-decoration: underline;\"><b>Subito<\/b><\/span><\/a><span style=\"font-weight: 400;\">\u00a0je pra\u017esk\u00fd sbor, kter\u00fd v&nbsp;Lib\u010dic\u00edch zp\u00edval v&nbsp;r. 2016 a&nbsp;poslucha\u010de zaujal nejen \u010derveno\u010dern\u00fdmi sborov\u00fdmi obleky, ale p\u0159edev\u0161\u00edm skv\u011blou dramaturgi\u00ed sv\u00e9ho vystoupen\u00ed o\u017eivenou doprovodem n\u011bkolika hudebn\u00edch n\u00e1stroj\u016f. Letos od nich usly\u0161\u00edte mj.&nbsp;i&nbsp;Five Hebrew Love Songs od americk\u00e9ho skladatele Erica Whitacre s&nbsp;doprovodem smy\u010dcov\u00e9ho kvarteta.<\/span><\/p>\n<p>&nbsp;<\/p>\n<p>&nbsp;<\/p>\n<p>&nbsp;<\/p>\n<p>&nbsp;<\/p>\n<div style=\"float: left; margin: 10px;\">\n<p><a href=\"https:\/\/libcickekrizovatky.cz\/content\/uploads\/2019\/05\/foto_sarka_krejci.jpg\"><img loading=\"lazy\" class=\"wp-image-21319\" title=\"Skladatelka \u0160\u00e1rka Krej\u010d\u00ed\" src=\"https:\/\/libcickekrizovatky.cz\/content\/uploads\/2019\/05\/foto_sarka_krejci.jpg\" width=\"162\" height=\"162\" \/><\/a><\/p>\n<p>Skladatelka \u0160\u00e1rka Krej\u010d\u00ed<\/p>\n<\/div>\n<p>Po d\u011btsk\u00e9m sboru Cvrkot z&nbsp;Tuchom\u011b\u0159ic, o&nbsp;kter\u00e9m jsem u\u017e psala minule, vystoup\u00ed dal\u0161\u00ed pra\u017esk\u00fd sbor <span style=\"text-decoration: underline;\"><a href=\"http:\/\/sborimbus.cz\/\"><b>Imbus<\/b><\/a><\/span><span style=\"font-weight: 400;\">. V&nbsp;\u0159ad\u00e1ch jeho \u010dlen\u016f se ukr\u00fdv\u00e1 dal\u0161\u00ed skladatelka \u2013 <strong><a href=\"http:\/\/www.sarkakrejci.cz\/\"><span style=\"text-decoration: underline;\">\u0160\u00e1rka Krej\u010d\u00ed<\/span><\/a><\/strong><\/span><span style=\"font-weight: 400;\">, jej\u00ed\u017e t\u0159i p\u00edsn\u011b v\u00e1m Imbus zap\u011bje hned po&nbsp;p\u00edsn\u00edch autor\u016f z&nbsp;Finska, Estonska a&nbsp;Velk\u00e9 Brit\u00e1nie.<\/span><\/p>\n<p><span style=\"text-decoration: underline;\"><a href=\"http:\/\/www.ensemblehilaris.cz\/\"><b>Ensemble Hilaris<\/b><\/a><\/span><span style=\"font-weight: 400;\">\u00a0<\/span><span style=\"font-weight: 400;\">je men\u0161\u00ed t\u011bleso, kter\u00e9 bude zp\u00edvat duchovn\u00ed hudbu autor\u016f: M. Lauridsen, K. Nystedt, A. Smith, A. P\u00e4rt, E. Whitacre, T. Kverno a&nbsp;O. Gjeilo.<\/span><\/p>\n<p>&nbsp;<\/p>\n<p>&nbsp;<\/p>\n<div style=\"float: left; margin: 10px;\">\n<div id=\"attachment_5040\" style=\"width: 310px\" class=\"wp-caption alignleft\"><a href=\"https:\/\/libcickekrizovatky.cz\/content\/uploads\/2015\/05\/festival-2015-07-300x199.jpg\"><img aria-describedby=\"caption-attachment-5040\" loading=\"lazy\" class=\"wp-image-5040\" title=\"OKTET\u00a0u\u017e jsme v Lib\u010dic\u00edch p\u0159iv\u00edtali v roce 201\" src=\"https:\/\/libcickekrizovatky.cz\/content\/uploads\/2015\/05\/festival-2015-07-300x199.jpg\" width=\"300\" height=\"200\" srcset=\"https:\/\/libcickekrizovatky.cz\/content\/uploads\/2015\/05\/festival-2015-07-300x199.jpg 300w, https:\/\/libcickekrizovatky.cz\/content\/uploads\/2015\/05\/festival-2015-07-1024x680.jpg 1024w, https:\/\/libcickekrizovatky.cz\/content\/uploads\/2015\/05\/festival-2015-07.jpg 1980w\" sizes=\"(max-width: 300px) 100vw, 300px\" \/><\/a><p id=\"caption-attachment-5040\" class=\"wp-caption-text\">OKTET\u00a0u\u017e jsme v&nbsp;Lib\u010dic\u00edch p\u0159iv\u00edtali v&nbsp;roce 2015<\/p><\/div>\n<\/div>\n<p><a href=\"https:\/\/www.oktet.cz\/\"><span style=\"text-decoration: underline;\"><b>Oktet<\/b><\/span><\/a><span style=\"font-weight: 400;\">\u00a0<\/span><b>+ <a href=\"http:\/\/www.ch-tdz.cz\/\"><span style=\"text-decoration: underline;\">Ch-td\u017e!<\/span><\/a><\/b><span style=\"font-weight: 400;\">\u00a0<\/span><b>\u00a0\u2013<\/b>\u00a0t<span style=\"font-weight: 400;\">o jsou n\u00e1zvy dvou ans\u00e1mbl\u016f, kter\u00e9 pro leto\u0161n\u00ed sborovou sez\u00f3nu spojily sv\u00e9 s\u00edly a&nbsp;v&nbsp;jejich tro\u0161ku popul\u00e1rn\u011bji lad\u011bn\u00e9m vystoupen\u00ed zazn\u00ed jak mezi a&nbsp;capella skupinami obl\u00edben\u00e1 skladba finsk\u00e9ho autora M. Makaroffa \u201eKaikki Maat\u201c, tak i&nbsp;p\u00edse\u0148 z&nbsp;animovan\u00e9ho filmu \u201e<a href=\"https:\/\/www.youtube.com\/watch?v=cPAbx5kgCJo\"><span style=\"text-decoration: underline;\"><strong>Moana<\/strong><\/span><\/a>\u201c<\/span><span style=\"font-weight: 400;\">.<\/span><\/p>\n<p>&nbsp;<\/p>\n<p>&nbsp;<\/p>\n<div style=\"float: left; margin: 10px;\">\n<div id=\"attachment_10480\" style=\"width: 310px\" class=\"wp-caption alignleft\"><a href=\"https:\/\/libcickekrizovatky.cz\/content\/uploads\/2016\/05\/DSC_0358-300x199.jpg\"><img aria-describedby=\"caption-attachment-10480\" loading=\"lazy\" class=\"wp-image-10480\" title=\"Luk\u00e1\u0161 Prchal p\u0159i proveden\u00ed Otv\u00edr\u00e1n\u00ed Stud\u00e1nek (B. Martin\u016f), Festival 2016\" src=\"https:\/\/libcickekrizovatky.cz\/content\/uploads\/2016\/05\/DSC_0358-300x199.jpg\" width=\"300\" height=\"200\" srcset=\"https:\/\/libcickekrizovatky.cz\/content\/uploads\/2016\/05\/DSC_0358-300x199.jpg 300w, https:\/\/libcickekrizovatky.cz\/content\/uploads\/2016\/05\/DSC_0358.jpg 1000w\" sizes=\"(max-width: 300px) 100vw, 300px\" \/><\/a><p id=\"caption-attachment-10480\" class=\"wp-caption-text\">Luk\u00e1\u0161 Prchal p\u0159i&nbsp;proveden\u00ed Otv\u00edr\u00e1n\u00ed Stud\u00e1nek (B. Martin\u016f), Festival 2016<\/p><\/div>\n<\/div>\n<p>&nbsp;<\/p>\n<p><span style=\"font-weight: 400;\">Z\u00e1v\u011br bude pat\u0159it <\/span><a href=\"https:\/\/www.mikrochor.cz\/\"><span style=\"text-decoration: underline;\"><b>Mikrochoru<\/b><\/span><\/a><span style=\"font-weight: 400;\">, kter\u00fd u\u017e na na\u0161em festivalu provedl skv\u011blou <span style=\"text-decoration: underline;\"><a href=\"https:\/\/www.youtube.com\/watch?v=BHeJ4hRQ5Bc&amp;t=624s\">Kreolskou m\u0161i A. Ramireze<\/a><\/span> v&nbsp;r. 2011<\/span><span style=\"font-weight: 400;\">\u00a0 a&nbsp;v&nbsp;r. 2016 <span style=\"text-decoration: underline;\"><a href=\"https:\/\/libcickekrizovatky.cz\/?p=10468\">dv\u011b kant\u00e1ty B. Martin\u016f<\/a><\/span><\/span><span style=\"font-weight: 400;\">. Tentokr\u00e1t pod veden\u00edm sv\u00e9ho sbormistra Luk\u00e1\u0161e Prchala a&nbsp;v&nbsp;re\u017eii hudebn\u00edho skladatele Michala Vejskala provedou prvn\u00ed repr\u00edzu <strong>Tance smrti na text Karla \u0160iktance<\/strong>. Kdo chce o&nbsp;t\u00e9to skladb\u011b pro sm\u00ed\u0161en\u00fd sbor, dva recit\u00e1tory a&nbsp;s\u00f3lov\u00e9 housle v\u011bd\u011bt v\u00edce, nech\u0165 si o&nbsp;n\u00ed pust\u00ed <span style=\"text-decoration: underline;\"><a href=\"https:\/\/vltava.rozhlas.cz\/nenic-nelamej-poselstvi-siktancova-tance-smrti-nove-predava-i-hudebni-skladba-7679157\">po\u0159ad na stanici Vltava<\/a><\/span>. <\/span><\/p>\n<p>&nbsp;<\/p>\n<p>&nbsp;<\/p>\n<p><span style=\"font-weight: 400;\">V nabit\u00e9m programu si jist\u011b ka\u017ed\u00fd najde to svoje a&nbsp;krom toho bude na farn\u00ed zahrad\u011b mo\u017enost u&nbsp;dobr\u00e9 k\u00e1vy a&nbsp;dobrot od Las\u00edk\u016f o&nbsp;hudebn\u00edch d\u00edlech pohovo\u0159it jak s&nbsp;autory, tak s&nbsp;interprety sou\u010dasn\u00e9 sborov\u00e9 muziky.<\/span><\/p>\n<p><span style=\"font-weight: 400;\">T\u011b\u0161\u00edme se na v\u00e1s!<\/span><\/p>\n<p><em>Premi\u00e9ra Tance Smrti\u00a025.&nbsp;\u0159\u00edjna od 20.00 hod. ve Farn\u00edm sboru \u010ceskobratrsk\u00e9 c\u00edrkve evangelick\u00e9 na pra\u017esk\u00fdch Vinohradech:<\/em><\/p>\n<div class=\"gallery gallery-columns-3 gallery-size-thumbnail rps-image-gallery-format-default rps-image-gallery-theme-default rps-image-gallery-columns-responsive rps-image-gallery rps-image-gallery-masonry rps-image-gallery-no-heading rps-image-gallery-no-caption rps-image-gallery-no-social \" style=\"text-align:left\" pageSize=\"0\" currentPage=\"0\" ><ul class=\"background-thumbnails\"><li class=\"gallery-item gallery-item-begin-row\"><div class=\"gallery-icon landscape\"><a rel=\"rps-image-group-21313\" href=\"https:\/\/libcickekrizovatky.cz\/content\/uploads\/2019\/05\/DSC0560.jpg\" title=\"&amp;lt;div class=&amp;quot;fancybox-title-caption&amp;quot;&amp;gt;&amp;lt;p&amp;gt;Mikrochor - &amp;lt;\/p&amp;gt;\n&amp;lt;\/div&amp;gt;\"><img src=\"https:\/\/libcickekrizovatky.cz\/content\/uploads\/2019\/05\/DSC0560-250x250.jpg\" alt=\"Mikrochor\" title=\"Mikrochor\" class=\"attachment-thumbnail\" width=\"250\" height=\"250\" sizes=\"(max-width: 250px) 100vw, 250px\"><\/a><\/div><\/li><li class=\"gallery-item \"><div class=\"gallery-icon landscape\"><a rel=\"rps-image-group-21313\" href=\"https:\/\/libcickekrizovatky.cz\/content\/uploads\/2019\/05\/DSC0564.jpg\" title=\"&amp;lt;div class=&amp;quot;fancybox-title-caption&amp;quot;&amp;gt;&amp;lt;p&amp;gt;Premi\u00e9ra Tance Smrti&amp;lt;\/p&amp;gt;\n&amp;lt;\/div&amp;gt;\"><img src=\"https:\/\/libcickekrizovatky.cz\/content\/uploads\/2019\/05\/DSC0564-250x250.jpg\" alt=\"Mikrochor\" title=\"Mikrochor\" class=\"attachment-thumbnail\" width=\"250\" height=\"250\" sizes=\"(max-width: 250px) 100vw, 250px\"><\/a><\/div><\/li><li class=\"gallery-item gallery-item-end-row\"><div class=\"gallery-icon landscape\"><a rel=\"rps-image-group-21313\" href=\"https:\/\/libcickekrizovatky.cz\/content\/uploads\/2019\/05\/DSC0584.jpg\" title=\"&amp;lt;div class=&amp;quot;fancybox-title-caption&amp;quot;&amp;gt;&amp;lt;p&amp;gt;25.10.2018 v Praze&amp;lt;\/p&amp;gt;\n&amp;lt;\/div&amp;gt;\"><img src=\"https:\/\/libcickekrizovatky.cz\/content\/uploads\/2019\/05\/DSC0584-250x250.jpg\" alt=\"Mikrochor\" title=\"Mikrochor\" class=\"attachment-thumbnail last\" width=\"250\" height=\"250\" sizes=\"(max-width: 250px) 100vw, 250px\"><\/a><\/div><\/li><\/ul><\/div>\n","protected":false},"excerpt":{"rendered":"<p>V minul\u00e9m \u010dl\u00e1nku jsme v\u00e1s upozornili na zaj\u00edmav\u00e9 \u017eeny, kter\u00e9 leto\u0161n\u00ed festivalov\u00fd program obohat\u00ed svou hudbou. Dnes je na \u0159ad\u011b sezn\u00e1mit v\u00e1s tro\u0161ku s&nbsp;jednotliv\u00fdmi sbory a&nbsp;jejich reperto\u00e1rem.<\/p>\n","protected":false},"author":13,"featured_media":0,"comment_status":"open","ping_status":"open","sticky":false,"template":"","format":"standard","meta":[],"categories":[1],"tags":[],"_links":{"self":[{"href":"https:\/\/libcickekrizovatky.cz\/index.php?rest_route=\/wp\/v2\/posts\/21313"}],"collection":[{"href":"https:\/\/libcickekrizovatky.cz\/index.php?rest_route=\/wp\/v2\/posts"}],"about":[{"href":"https:\/\/libcickekrizovatky.cz\/index.php?rest_route=\/wp\/v2\/types\/post"}],"author":[{"embeddable":true,"href":"https:\/\/libcickekrizovatky.cz\/index.php?rest_route=\/wp\/v2\/users\/13"}],"replies":[{"embeddable":true,"href":"https:\/\/libcickekrizovatky.cz\/index.php?rest_route=%2Fwp%2Fv2%2Fcomments&post=21313"}],"version-history":[{"count":71,"href":"https:\/\/libcickekrizovatky.cz\/index.php?rest_route=\/wp\/v2\/posts\/21313\/revisions"}],"predecessor-version":[{"id":21378,"href":"https:\/\/libcickekrizovatky.cz\/index.php?rest_route=\/wp\/v2\/posts\/21313\/revisions\/21378"}],"wp:attachment":[{"href":"https:\/\/libcickekrizovatky.cz\/index.php?rest_route=%2Fwp%2Fv2%2Fmedia&parent=21313"}],"wp:term":[{"taxonomy":"category","embeddable":true,"href":"https:\/\/libcickekrizovatky.cz\/index.php?rest_route=%2Fwp%2Fv2%2Fcategories&post=21313"},{"taxonomy":"post_tag","embeddable":true,"href":"https:\/\/libcickekrizovatky.cz\/index.php?rest_route=%2Fwp%2Fv2%2Ftags&post=21313"}],"curies":[{"name":"wp","href":"https:\/\/api.w.org\/{rel}","templated":true}]}}