{"id":22609,"date":"2019-12-09T23:56:29","date_gmt":"2019-12-09T22:56:29","guid":{"rendered":"https:\/\/libcickekrizovatky.cz\/?p=22609"},"modified":"2019-12-09T23:56:29","modified_gmt":"2019-12-09T22:56:29","slug":"formule-1-z-libcic","status":"publish","type":"post","link":"https:\/\/libcickekrizovatky.cz\/?p=22609","title":{"rendered":"Formule&nbsp;1 z&nbsp;Lib\u010dic"},"content":{"rendered":"<div style=\"float: left; margin: 10px;\"><a href=\"https:\/\/www.czechphoto.org\/detail-programu\/1294-144\/jiri-krenek-formule-1-na-dotyk\/\"><img loading=\"lazy\" class=\"alignleft wp-image-22612\" src=\"https:\/\/libcickekrizovatky.cz\/content\/uploads\/2019\/12\/jirikrenek-foto.jpg\" width=\"177\" height=\"118\" srcset=\"https:\/\/libcickekrizovatky.cz\/content\/uploads\/2019\/12\/jirikrenek-foto.jpg 1772w, https:\/\/libcickekrizovatky.cz\/content\/uploads\/2019\/12\/jirikrenek-foto-300x201.jpg 300w, https:\/\/libcickekrizovatky.cz\/content\/uploads\/2019\/12\/jirikrenek-foto-768x514.jpg 768w, https:\/\/libcickekrizovatky.cz\/content\/uploads\/2019\/12\/jirikrenek-foto-1024x685.jpg 1024w\" sizes=\"(max-width: 177px) 100vw, 177px\" \/><\/a><\/div>\n<p>Jezd\u00ed po&nbsp;cel\u00e9m sv\u011bt\u011b, v\u0161ude tam, kde se zrovna proh\u00e1n\u011bj\u00ed formule&nbsp;1. U\u017e hodn\u011b dlouho &#8211; cel\u00fdch 25 let. S&nbsp;t\u011b\u017ekou ta\u0161kou plnou fo\u0165\u00e1k\u016f a&nbsp;objektiv\u016f. Fotil a&nbsp;fot\u00ed Vettela, Hamiltona, Schumachera&#8230; Fot\u00ed rychlost a&nbsp;atmosf\u00e9ru.<\/p>\n<p>A kdy\u017e nefot\u00ed Mercedesy, Red Bully \u010di&nbsp;Ferrari, m\u016f\u017eete ho potkat v&nbsp;Lib\u010dic\u00edch.\u00a0 T\u0159eba jak fot\u00ed rozz\u00e1\u0159en\u00e9 lampi\u00f3ny na n\u00e1plavce <span style=\"text-decoration: underline;\"><a href=\"https:\/\/libcickekrizovatky.cz\/?p=8104\" target=\"_blank\">b\u011bhem Svat\u00e9ho Martina&#8230;<\/a><\/span><!--more--><\/p>\n<p>Pokud se chcete pod\u00edvat, jak fot\u00ed v\u00e1\u0161 soused <a href=\"http:\/\/www.activepictures.cz\/index.html\" target=\"_blank\"><span style=\"text-decoration: underline;\">Ji\u0159\u00ed K\u0159enek,<\/span><\/a> zaje\u010fte si do Czech Phote Centre v&nbsp;Nov\u00fdch Butovic\u00edch na v\u00fdstavu <span style=\"text-decoration: underline;\"><a href=\"https:\/\/www.czechphoto.org\/detail-programu\/1294-144\/jiri-krenek-formule-1-na-dotyk\/\" target=\"_blank\">Ji\u0159\u00ed K\u0159enek: FORMULE&nbsp;1 NA DOTYK.<\/a><\/span> \u010cas m\u00e1te a\u017e do 12.&nbsp;ledna 2020.<\/p>\n<div class=\"gallery gallery-columns-3 gallery-size-thumbnail rps-image-gallery-format-default rps-image-gallery-theme-default rps-image-gallery-columns-responsive rps-image-gallery rps-image-gallery-masonry rps-image-gallery-no-heading rps-image-gallery-no-caption rps-image-gallery-no-social \" style=\"text-align:left\" pageSize=\"0\" currentPage=\"0\" ><ul class=\"background-thumbnails\"><li class=\"gallery-item gallery-item-begin-row\"><div class=\"gallery-icon landscape\"><a rel=\"rps-image-group-22609\" href=\"https:\/\/libcickekrizovatky.cz\/content\/uploads\/2019\/12\/IMG_6504.jpg\" title=\"&amp;lt;div class=&amp;quot;fancybox-title-caption&amp;quot;&amp;gt;&amp;lt;p&amp;gt;JK b\u011bhem vernis\u00e1\u017ee sv\u00e9 v\u00fdstavy v CPC&amp;lt;\/p&amp;gt;\n&amp;lt;\/div&amp;gt;\"><img src=\"https:\/\/libcickekrizovatky.cz\/content\/uploads\/2019\/12\/IMG_6504-250x250.jpg\" alt=\"jiri krenek - czech photo centre\" title=\"jiri krenek - czech photo centre\" class=\"attachment-thumbnail\" width=\"250\" height=\"250\" sizes=\"(max-width: 250px) 100vw, 250px\"><\/a><\/div><\/li><li class=\"gallery-item \"><div class=\"gallery-icon landscape\"><a rel=\"rps-image-group-22609\" href=\"https:\/\/libcickekrizovatky.cz\/content\/uploads\/2019\/12\/IMG_6506.jpg\" title=\"&amp;lt;div class=&amp;quot;fancybox-title-caption&amp;quot;&amp;gt;&amp;lt;p&amp;gt;S tat\u00ednkem a sv\u00fdm prvn\u00edm \u0161\u00e9femze Sv\u011bta Motor\u016f&amp;lt;\/p&amp;gt;\n&amp;lt;\/div&amp;gt;\"><img src=\"https:\/\/libcickekrizovatky.cz\/content\/uploads\/2019\/12\/IMG_6506-250x250.jpg\" alt=\"jiri krenek - czech photo centre\" title=\"jiri krenek - czech photo centre\" class=\"attachment-thumbnail\" width=\"250\" height=\"250\" sizes=\"(max-width: 250px) 100vw, 250px\"><\/a><\/div><\/li><li class=\"gallery-item gallery-item-end-row\"><div class=\"gallery-icon landscape\"><a rel=\"rps-image-group-22609\" href=\"https:\/\/libcickekrizovatky.cz\/content\/uploads\/2019\/12\/jirikrenek-foto.jpg\" title=\"&amp;lt;div class=&amp;quot;fancybox-title-caption&amp;quot;&amp;gt;&amp;lt;p&amp;gt;Pozv\u00e1nka na v\u00fdstavu&amp;lt;\/p&amp;gt;\n&amp;lt;\/div&amp;gt;\"><img src=\"https:\/\/libcickekrizovatky.cz\/content\/uploads\/2019\/12\/jirikrenek-foto-250x250.jpg\" alt=\"jiri krenek - czech photo centre\" title=\"jiri krenek - czech photo centre\" class=\"attachment-thumbnail last\" width=\"250\" height=\"250\" sizes=\"(max-width: 250px) 100vw, 250px\"><\/a><\/div><\/li><\/ul><\/div>\n","protected":false},"excerpt":{"rendered":"<p>Jezd\u00ed po&nbsp;cel\u00e9m sv\u011bt\u011b, v\u0161ude tam, kde se zrovna proh\u00e1n\u011bj\u00ed formule&nbsp;1. U\u017e hodn\u011b dlouho &#8211; cel\u00fdch 25 let. S&nbsp;t\u011b\u017ekou ta\u0161kou plnou fo\u0165\u00e1k\u016f a&nbsp;objektiv\u016f. Fotil a&nbsp;fot\u00ed Vettela, Hamiltona, Schumachera&#8230; Fot\u00ed rychlost a&nbsp;atmosf\u00e9ru. A&nbsp;kdy\u017e nefot\u00ed Mercedesy, Red Bully \u010di&nbsp;Ferrari, m\u016f\u017eete ho potkat v&nbsp;Lib\u010dic\u00edch.\u00a0 T\u0159eba jak fot\u00ed rozz\u00e1\u0159en\u00e9 lampi\u00f3ny na n\u00e1plavce b\u011bhem Svat\u00e9ho Martina&#8230;<\/p>\n","protected":false},"author":18,"featured_media":0,"comment_status":"open","ping_status":"open","sticky":false,"template":"","format":"standard","meta":[],"categories":[192],"tags":[],"_links":{"self":[{"href":"https:\/\/libcickekrizovatky.cz\/index.php?rest_route=\/wp\/v2\/posts\/22609"}],"collection":[{"href":"https:\/\/libcickekrizovatky.cz\/index.php?rest_route=\/wp\/v2\/posts"}],"about":[{"href":"https:\/\/libcickekrizovatky.cz\/index.php?rest_route=\/wp\/v2\/types\/post"}],"author":[{"embeddable":true,"href":"https:\/\/libcickekrizovatky.cz\/index.php?rest_route=\/wp\/v2\/users\/18"}],"replies":[{"embeddable":true,"href":"https:\/\/libcickekrizovatky.cz\/index.php?rest_route=%2Fwp%2Fv2%2Fcomments&post=22609"}],"version-history":[{"count":3,"href":"https:\/\/libcickekrizovatky.cz\/index.php?rest_route=\/wp\/v2\/posts\/22609\/revisions"}],"predecessor-version":[{"id":22616,"href":"https:\/\/libcickekrizovatky.cz\/index.php?rest_route=\/wp\/v2\/posts\/22609\/revisions\/22616"}],"wp:attachment":[{"href":"https:\/\/libcickekrizovatky.cz\/index.php?rest_route=%2Fwp%2Fv2%2Fmedia&parent=22609"}],"wp:term":[{"taxonomy":"category","embeddable":true,"href":"https:\/\/libcickekrizovatky.cz\/index.php?rest_route=%2Fwp%2Fv2%2Fcategories&post=22609"},{"taxonomy":"post_tag","embeddable":true,"href":"https:\/\/libcickekrizovatky.cz\/index.php?rest_route=%2Fwp%2Fv2%2Ftags&post=22609"}],"curies":[{"name":"wp","href":"https:\/\/api.w.org\/{rel}","templated":true}]}}