{"id":23058,"date":"2020-03-02T07:38:22","date_gmt":"2020-03-02T06:38:22","guid":{"rendered":"https:\/\/libcickekrizovatky.cz\/?p=23058"},"modified":"2020-03-01T19:53:10","modified_gmt":"2020-03-01T18:53:10","slug":"kompetence","status":"publish","type":"post","link":"https:\/\/libcickekrizovatky.cz\/?p=23058","title":{"rendered":"Kompetence"},"content":{"rendered":"<div style=\"float: right; margin: 10px;\"><img loading=\"lazy\" class=\"size-full wp-image-10261\" src=\"https:\/\/libcickekrizovatky.cz\/content\/uploads\/2016\/04\/ZSlibcice.jpg\" alt=\"Z\u0160 Lib\u010dice\" width=\"200\" height=\"134\" srcset=\"https:\/\/libcickekrizovatky.cz\/content\/uploads\/2016\/04\/ZSlibcice.jpg 1772w, https:\/\/libcickekrizovatky.cz\/content\/uploads\/2016\/04\/ZSlibcice-300x199.jpg 300w, https:\/\/libcickekrizovatky.cz\/content\/uploads\/2016\/04\/ZSlibcice-1024x682.jpg 1024w\" sizes=\"(max-width: 200px) 100vw, 200px\" \/><\/div>\n<p>Rozmohlo se n\u00e1m tu v&nbsp;Lib\u010dic\u00edch takov\u00e9 slovo. Kompetence.<\/p>\n<p>\u201eNemohu s&nbsp;t\u00edm nic d\u011blat, nem\u00e1m k&nbsp;tomu kompetence.\u201c Kolikr\u00e1t jsme to v&nbsp;posledn\u00ed dob\u011b sly\u0161eli a&nbsp;\u010detli.<\/p>\n<p>Doty\u010dn\u00fd to pou\u017e\u00edv\u00e1 jako alibi k&nbsp;vysv\u011btlen\u00ed toho, pro\u010d po&nbsp;d\u00e9le ne\u017e deset let nic kloudn\u00e9ho pro vy\u0159e\u0161en\u00ed probl\u00e9mu nedok\u00e1zal ud\u011blat. \u0158e\u010d je o&nbsp;\u0161kole a&nbsp;starostovi, p\u0159edstaviteli z\u0159izovatele \u0161koly.<\/p>\n<p>Wikipedie \u0159\u00edk\u00e1, \u017ee kompetence:<\/p>\n<ol>\n<li>jsou souhrn pr\u00e1v a&nbsp;pravomoc\u00ed k&nbsp;v\u00fdkonu n\u011bjak\u00e9 funkce.<\/li>\n<li>jsou souhrn v\u011bdomost\u00ed, dovednost\u00ed, schopnost\u00ed konkr\u00e9tn\u00edho jedince.<\/li>\n<\/ol>\n<p><strong>Z\u00e1v\u011br?<\/strong><\/p>\n<p>Omezen\u00e9 kompetence k&nbsp;v\u00fdkonu funkce podle bodu 1 jsou probl\u00e9m. V\u011bt\u0161\u00edm probl\u00e9mem ov\u0161em je, pokud jsou omezeny kompetence podle bodu 2.<\/p>\n<p style=\"text-align: right;\">Petr Sch\u00f6nfeld, zastupitel za LOS<\/p>\n","protected":false},"excerpt":{"rendered":"<p>Rozmohlo se n\u00e1m tu v&nbsp;Lib\u010dic\u00edch takov\u00e9 slovo. Kompetence. \u201eNemohu s&nbsp;t\u00edm nic d\u011blat, nem\u00e1m k&nbsp;tomu kompetence.\u201c Kolikr\u00e1t jsme to v&nbsp;posledn\u00ed dob\u011b sly\u0161eli a&nbsp;\u010detli. Doty\u010dn\u00fd to pou\u017e\u00edv\u00e1 jako alibi k&nbsp;vysv\u011btlen\u00ed toho, pro\u010d po&nbsp;d\u00e9le ne\u017e deset let nic kloudn\u00e9ho pro vy\u0159e\u0161en\u00ed probl\u00e9mu nedok\u00e1zal ud\u011blat. \u0158e\u010d je o&nbsp;\u0161kole a&nbsp;starostovi, p\u0159edstaviteli z\u0159izovatele \u0161koly. Wikipedie \u0159\u00edk\u00e1, \u017ee kompetence: jsou souhrn pr\u00e1v [&hellip;]<\/p>\n","protected":false},"author":15,"featured_media":0,"comment_status":"open","ping_status":"open","sticky":false,"template":"","format":"standard","meta":[],"categories":[1],"tags":[],"_links":{"self":[{"href":"https:\/\/libcickekrizovatky.cz\/index.php?rest_route=\/wp\/v2\/posts\/23058"}],"collection":[{"href":"https:\/\/libcickekrizovatky.cz\/index.php?rest_route=\/wp\/v2\/posts"}],"about":[{"href":"https:\/\/libcickekrizovatky.cz\/index.php?rest_route=\/wp\/v2\/types\/post"}],"author":[{"embeddable":true,"href":"https:\/\/libcickekrizovatky.cz\/index.php?rest_route=\/wp\/v2\/users\/15"}],"replies":[{"embeddable":true,"href":"https:\/\/libcickekrizovatky.cz\/index.php?rest_route=%2Fwp%2Fv2%2Fcomments&post=23058"}],"version-history":[{"count":9,"href":"https:\/\/libcickekrizovatky.cz\/index.php?rest_route=\/wp\/v2\/posts\/23058\/revisions"}],"predecessor-version":[{"id":23072,"href":"https:\/\/libcickekrizovatky.cz\/index.php?rest_route=\/wp\/v2\/posts\/23058\/revisions\/23072"}],"wp:attachment":[{"href":"https:\/\/libcickekrizovatky.cz\/index.php?rest_route=%2Fwp%2Fv2%2Fmedia&parent=23058"}],"wp:term":[{"taxonomy":"category","embeddable":true,"href":"https:\/\/libcickekrizovatky.cz\/index.php?rest_route=%2Fwp%2Fv2%2Fcategories&post=23058"},{"taxonomy":"post_tag","embeddable":true,"href":"https:\/\/libcickekrizovatky.cz\/index.php?rest_route=%2Fwp%2Fv2%2Ftags&post=23058"}],"curies":[{"name":"wp","href":"https:\/\/api.w.org\/{rel}","templated":true}]}}