{"id":3418,"date":"2015-02-06T17:29:28","date_gmt":"2015-02-06T16:29:28","guid":{"rendered":"http:\/\/libcickekrizovatky.cz\/?p=3418"},"modified":"2015-03-29T09:39:50","modified_gmt":"2015-03-29T08:39:50","slug":"unor-2015","status":"publish","type":"post","link":"https:\/\/libcickekrizovatky.cz\/?p=3418","title":{"rendered":"\u00danor 2015"},"content":{"rendered":"<ul>\n<li>1.&nbsp;2. &#8211; prob\u011bhla p\u0159\u00edpravn\u00e1 sch\u016fzka zastupitel\u016f LOS p\u0159ed st\u0159ede\u010dn\u00edm zased\u00e1n\u00edm ZM \u010d.3<\/li>\n<li>3.&nbsp;2. &#8211; odeslali jsme rad\u011b m\u011bsta n\u00e1vrh na roz\u0161\u00ed\u0159en\u00ed webov\u00fdch str\u00e1nek m\u011bsta o&nbsp;slo\u017eku zobrazuj\u00edc\u00ed stav p\u0159\u00edprav a&nbsp;pr\u016fb\u011bh realizace aktu\u00e1ln\u00edch projektov\u00fdch z\u00e1m\u011br\u016f i&nbsp;\u017e\u00e1dost\u00ed o&nbsp;dotace, v\u010detn\u011b mo\u017enosti prohl\u00e9dnout si projektovou dokumentaci\u00a0[<span style=\"text-decoration: underline\"><a title=\"PP\" href=\"https:\/\/libcickekrizovatky.cz\/?p=361#PPe\">PP<\/a><\/span>]<\/li>\n<li>4.&nbsp;2. &#8211; obdr\u017eeli jsme pozv\u00e1nku na 12.&nbsp;2.&nbsp;na \u00a0prvn\u00ed pracovn\u00ed sch\u016fzku t\u00fdkaj\u00edc\u00ed se aktu\u00e1ln\u00ed problematiky kolem kulturn\u00edho domu<\/li>\n<li>4.&nbsp;2. &#8211; na zased\u00e1n\u00ed zastupitelstva \u010d.3 jsme \u00fasp\u011b\u0161n\u011b obh\u00e1jili po\u017eadavek na zpracov\u00e1n\u00ed ro\u010dn\u00edho harmonogramu zased\u00e1n\u00ed ZM, rada m\u011bsta m\u00e1 tedy za \u00fakol nejpozd\u011bji do p\u0159\u00ed\u0161t\u00edho ZM p\u0159ehled term\u00edn\u016f p\u0159ipravit.<br \/>\nSou\u010dasn\u011b se poda\u0159ilo prosadit zpracov\u00e1n\u00ed architektonick\u00e9 studie plochy p\u0159ed katolick\u00fdm kostelem v\u010detn\u011b \u00favozov\u00e9 cesty k&nbsp;viaduktu, i&nbsp;p\u0159esto, \u017ee m\u011bsto ji\u017e nechalo zhotovit projekt na tento prostor, kter\u00fd po\u010d\u00edt\u00e1 jen se z\u00e1mkovou dla\u017ebou.<\/li>\n<li>9.&nbsp;2. &#8211; tajemn\u00edkovi m\u011bsta zas\u00edl\u00e1me odkaz na webov\u00e9 str\u00e1nky Ministerstva pro m\u00edstn\u00ed rozvoj t\u00fdkaj\u00edc\u00ed se tvorby strategick\u00e9ho pl\u00e1nov\u00e1n\u00ed obc\u00ed, bylo zmi\u0148ov\u00e1no na zased\u00e1n\u00ed ZM \u010d.3<\/li>\n<li>11.&nbsp;2. &#8211; po\u017e\u00e1dali jsme o&nbsp;zasl\u00e1n\u00ed kopie objedn\u00e1vky nebo smlouvy na zpracov\u00e1n\u00ed Strategick\u00e9ho pl\u00e1nu rozvoje m\u011bsta\u00a0[<a title=\"PP\" href=\"https:\/\/libcickekrizovatky.cz\/?p=361#PPe\">PP<\/a>]<\/li>\n<li>12.&nbsp;2. &#8211; prob\u011bhla sch\u016fzka pracovn\u00ed skupiny o&nbsp;problematice kulturn\u00edho domu v&nbsp;Lib\u010dic\u00edch<\/li>\n<li><span style=\"line-height: 1.5em\">13.&nbsp;2. &#8211; obdr\u017eeli jsme objedn\u00e1vku Strategick\u00e9ho pl\u00e1nu, zpracov\u00e1n\u00ed je \u00a0zad\u00e1no obecn\u011b prosp\u011b\u0161n\u00e9 spole\u010dnosti P\u0159emyslovsk\u00e9 st\u0159edn\u00ed \u010cechy.<\/span><\/li>\n<li>16.&nbsp;2. &#8211; obdr\u017eeli jsem od tajemn\u00edka M\u011b\u00da pozv\u00e1nku na prohl\u00eddku \u00fanikov\u00e9 cesty z&nbsp;prostoru Ha\u0161lerovy ulice stanovenou\u00a0na st\u0159edu 18.&nbsp;2.&nbsp;v&nbsp;16 hod<\/li>\n<li>17.&nbsp;2. &#8211; zaslali jsme rad\u011b m\u011bsta <a title=\"\u017e\u00e1dost o zru\u0161en\u00ed objedn\u00e1vky\" href=\"https:\/\/libcickekrizovatky.cz\/content\/uploads\/2015\/02\/RM-zadost_Strategicky-plan.pdf\"><span style=\"text-decoration: underline\">\u017e\u00e1dost<\/span><\/a> o&nbsp;zru\u0161en\u00ed objedn\u00e1vky Strategick\u00e9ho pl\u00e1nu v&nbsp;podob\u011b, jak jej m\u011bsto objednalo<\/li>\n<li>18.&nbsp;2. &#8211; prob\u011bhla prohl\u00eddka \u00fanikov\u00e9 cesty z&nbsp;Ha\u0161lerovy ulice za \u00fa\u010dasti pouze 4 zastupitel\u016f (bez LOSu), ostatn\u00ed se omluvili s&nbsp;t\u00edm, \u017ee v&nbsp;tak kr\u00e1tk\u00e9 dob\u011b nemohou m\u011bnit sv\u00e9 napl\u00e1novan\u00e9 pracovn\u00ed povinnosti. Alternativn\u00ed term\u00edn je ur\u010den na st\u0159edu 4.&nbsp;3.&nbsp;v&nbsp;16,30 hod.<\/li>\n<li>19.&nbsp;2. &#8211;\u00a0na z\u00e1klad\u011b sch\u016fzky ze 12.&nbsp;2.&nbsp;jsme\u00a0\u00a0rad\u011b m\u011bsta\u00a0zaslali <a title=\"po\u017eadavky LOS ke KDL\" href=\"https:\/\/libcickekrizovatky.cz\/content\/uploads\/2015\/03\/po\u017eadavky-LOS-doplneni-podkladu-KD.pdf\" target=\"_blank\"><span style=\"text-decoration: underline\">p\u0159ipom\u00ednky a&nbsp;po\u017eadavky<\/span><\/a> na dopln\u011bn\u00ed podklad\u016f pro p\u0159\u00edpravu rozvahy o&nbsp;KDL\u00a0[<a title=\"TN\" href=\"https:\/\/libcickekrizovatky.cz\/?p=442#TNe\">TN<\/a>]<\/li>\n<li>19.&nbsp;2. &#8211; \u00a0tajemn\u00edkovi M\u011b\u00da byly zasl\u00e1ny dotazy t\u00fdkaj\u00edc\u00ed se \u00fapravy zelen\u011b u&nbsp;pomn\u00edku padl\u00fdm ve Vltavsk\u00e9 ulici a&nbsp;r\u00fdhy pro dren\u00e1\u017en\u00ed opat\u0159en\u00ed na n\u00e1plavce, odpov\u011b\u010f m\u00e1me o\u010dek\u00e1vat ve lh\u016ft\u011b (rozum\u011bj 30&nbsp;dn\u00ed dle z\u00e1kona o&nbsp;obc\u00edch)\u00a0[<a title=\"PP\" href=\"https:\/\/libcickekrizovatky.cz\/?p=361#PPe\">PP<\/a>]<\/li>\n<li>26.&nbsp;2. &#8211; starosta svol\u00e1v\u00e1 dal\u0161\u00ed sch\u016fzku pracovn\u00ed skupiny pro KDL na st\u0159edu 4.&nbsp;3.&nbsp;2015, po&nbsp;reklamac\u00edch \u010dlen\u016f skupiny je navr\u017een\u00fd \u010das (18,00 hod.) posunut na 19,30 na M\u011b\u00da.<\/li>\n<\/ul>\n","protected":false},"excerpt":{"rendered":"<p>1.&nbsp;2. &#8211; prob\u011bhla p\u0159\u00edpravn\u00e1 sch\u016fzka zastupitel\u016f LOS p\u0159ed st\u0159ede\u010dn\u00edm zased\u00e1n\u00edm ZM \u010d.3&nbsp;3.&nbsp;2. &#8211; odeslali jsme rad\u011b m\u011bsta n\u00e1vrh na roz\u0161\u00ed\u0159en\u00ed webov\u00fdch str\u00e1nek m\u011bsta o&nbsp;slo\u017eku zobrazuj\u00edc\u00ed stav p\u0159\u00edprav a&nbsp;pr\u016fb\u011bh realizace aktu\u00e1ln\u00edch projektov\u00fdch z\u00e1m\u011br\u016f i&nbsp;\u017e\u00e1dost\u00ed o&nbsp;dotace, v\u010detn\u011b mo\u017enosti prohl\u00e9dnout si projektovou dokumentaci\u00a0[PP] 4.&nbsp;2. &#8211; obdr\u017eeli jsme pozv\u00e1nku na 12.&nbsp;2.&nbsp;na \u00a0prvn\u00ed pracovn\u00ed sch\u016fzku t\u00fdkaj\u00edc\u00ed se aktu\u00e1ln\u00ed problematiky [&hellip;]<\/p>\n","protected":false},"author":26,"featured_media":0,"comment_status":"open","ping_status":"open","sticky":false,"template":"","format":"standard","meta":[],"categories":[253],"tags":[6,136,271,283,270],"_links":{"self":[{"href":"https:\/\/libcickekrizovatky.cz\/index.php?rest_route=\/wp\/v2\/posts\/3418"}],"collection":[{"href":"https:\/\/libcickekrizovatky.cz\/index.php?rest_route=\/wp\/v2\/posts"}],"about":[{"href":"https:\/\/libcickekrizovatky.cz\/index.php?rest_route=\/wp\/v2\/types\/post"}],"author":[{"embeddable":true,"href":"https:\/\/libcickekrizovatky.cz\/index.php?rest_route=\/wp\/v2\/users\/26"}],"replies":[{"embeddable":true,"href":"https:\/\/libcickekrizovatky.cz\/index.php?rest_route=%2Fwp%2Fv2%2Fcomments&post=3418"}],"version-history":[{"count":14,"href":"https:\/\/libcickekrizovatky.cz\/index.php?rest_route=\/wp\/v2\/posts\/3418\/revisions"}],"predecessor-version":[{"id":4087,"href":"https:\/\/libcickekrizovatky.cz\/index.php?rest_route=\/wp\/v2\/posts\/3418\/revisions\/4087"}],"wp:attachment":[{"href":"https:\/\/libcickekrizovatky.cz\/index.php?rest_route=%2Fwp%2Fv2%2Fmedia&parent=3418"}],"wp:term":[{"taxonomy":"category","embeddable":true,"href":"https:\/\/libcickekrizovatky.cz\/index.php?rest_route=%2Fwp%2Fv2%2Fcategories&post=3418"},{"taxonomy":"post_tag","embeddable":true,"href":"https:\/\/libcickekrizovatky.cz\/index.php?rest_route=%2Fwp%2Fv2%2Ftags&post=3418"}],"curies":[{"name":"wp","href":"https:\/\/api.w.org\/{rel}","templated":true}]}}